{"id":22609,"date":"2017-02-14T00:20:13","date_gmt":"2017-02-14T02:20:13","guid":{"rendered":"http:\/\/www.sincomam.org.br\/?p=22609"},"modified":"2017-02-13T21:36:09","modified_gmt":"2017-02-13T23:36:09","slug":"calendario-para-saque-do-fgts-inativo-sai-nesta-terca","status":"publish","type":"post","link":"https:\/\/www.sincomam.org.br\/index.php\/calendario-para-saque-do-fgts-inativo-sai-nesta-terca\/","title":{"rendered":"Calend\u00e1rio para saque do FGTS inativo sai nesta ter\u00e7a"},"content":{"rendered":"<p>O calend\u00e1rio de saques do Fundo de Garantia do Tempo de Servi\u00e7o (FGTS) inativo\u00a0ser\u00e1 divulgado nesta ter\u00e7a-feira, 14, pelo governo. A medida foi anunciada em dezembro pelo presidente Michel Temer (PMDB), como uma forma de estimular a economia brasileira, em recess\u00e3o desde 2015.<\/p>\n<p>N\u00e3o h\u00e1 limite de valor para o saque, desde que o contribuinte tenha tido seu contrato de trabalho interrompido (por demiss\u00e3o volunt\u00e1ria ou justa causa) at\u00e9 31 de dezembro de 2015.<\/p>\n<p>A previs\u00e3o \u00e9 que o dinheiro seja liberado para mais de 10 milh\u00f5es de pessoas em lotes de mar\u00e7o at\u00e9 julho, de acordo com o m\u00eas de anivers\u00e1rio do trabalhador.<\/p>\n<p>Fonte: Exame<\/p>\n<div><\/div>\n","protected":false},"excerpt":{"rendered":"<p>O calend\u00e1rio de saques do Fundo de Garantia do Tempo de Servi\u00e7o (FGTS) inativo\u00a0ser\u00e1 divulgado nesta ter\u00e7a-feira, 14, pelo governo. A medida foi anunciada em&#8230;<\/p>\n","protected":false},"author":1182,"featured_media":17783,"comment_status":"closed","ping_status":"closed","sticky":false,"template":"","format":"standard","meta":{"footnotes":""},"categories":[6],"tags":[],"class_list":["post-22609","post","type-post","status-publish","format-standard","has-post-thumbnail","hentry","category-noticias"],"_links":{"self":[{"href":"https:\/\/www.sincomam.org.br\/index.php\/wp-json\/wp\/v2\/posts\/22609","targetHints":{"allow":["GET"]}}],"collection":[{"href":"https:\/\/www.sincomam.org.br\/index.php\/wp-json\/wp\/v2\/posts"}],"about":[{"href":"https:\/\/www.sincomam.org.br\/index.php\/wp-json\/wp\/v2\/types\/post"}],"author":[{"embeddable":true,"href":"https:\/\/www.sincomam.org.br\/index.php\/wp-json\/wp\/v2\/users\/1182"}],"replies":[{"embeddable":true,"href":"https:\/\/www.sincomam.org.br\/index.php\/wp-json\/wp\/v2\/comments?post=22609"}],"version-history":[{"count":1,"href":"https:\/\/www.sincomam.org.br\/index.php\/wp-json\/wp\/v2\/posts\/22609\/revisions"}],"predecessor-version":[{"id":22610,"href":"https:\/\/www.sincomam.org.br\/index.php\/wp-json\/wp\/v2\/posts\/22609\/revisions\/22610"}],"wp:featuredmedia":[{"embeddable":true,"href":"https:\/\/www.sincomam.org.br\/index.php\/wp-json\/wp\/v2\/media\/17783"}],"wp:attachment":[{"href":"https:\/\/www.sincomam.org.br\/index.php\/wp-json\/wp\/v2\/media?parent=22609"}],"wp:term":[{"taxonomy":"category","embeddable":true,"href":"https:\/\/www.sincomam.org.br\/index.php\/wp-json\/wp\/v2\/categories?post=22609"},{"taxonomy":"post_tag","embeddable":true,"href":"https:\/\/www.sincomam.org.br\/index.php\/wp-json\/wp\/v2\/tags?post=22609"}],"curies":[{"name":"wp","href":"https:\/\/api.w.org\/{rel}","templated":true}]}}