{"id":22600,"date":"2017-02-13T00:05:03","date_gmt":"2017-02-13T02:05:03","guid":{"rendered":"http:\/\/www.sincomam.org.br\/?p=22600"},"modified":"2017-02-12T17:04:45","modified_gmt":"2017-02-12T19:04:45","slug":"embarque-do-brasil-recuou-87","status":"publish","type":"post","link":"https:\/\/www.sincomam.org.br\/index.php\/embarque-do-brasil-recuou-87\/","title":{"rendered":"Embarque do Brasil recuou 8,7%"},"content":{"rendered":"<p>As exporta\u00e7\u00f5es brasileiras totais de caf\u00e9 somaram 2,564 milh\u00f5es de sacas em janeiro passado, um recuo de 8,7% em rela\u00e7\u00e3o \u00e0s 2,809 milh\u00f5es de sacas de igual m\u00eas de 2016, segundo o Conselho dos Exportadores de Caf\u00e9 do Brasil (Cecaf\u00e9).<\/p>\n<p>A receita com esses embarques alcan\u00e7ou US$ 449,6 milh\u00f5es, uma alta de 8,3% sobre os US$ 415,1 milh\u00f5es de janeiro de 2016, refletindo a valoriza\u00e7\u00e3o dos pre\u00e7os internacionais do caf\u00e9 em janeiro. De acordo com o Cecaf\u00e9, o pre\u00e7o m\u00e9dio do produto na exporta\u00e7\u00e3o foi de US$ 175,34 por saca, alta 18,6% em rela\u00e7\u00e3o a janeiro de 2016.<\/p>\n<p>Em nota, o presidente do Cecaf\u00e9, Nelson Carvalhaes disse que os n\u00fameros de janeiro confirmam as previs\u00f5es de exporta\u00e7\u00f5es feitas no fim de 2016, com os embarques em 2,5 milh\u00f5es de sacas.<\/p>\n<p>Do total de 2,564 milh\u00f5es de sacas exportadas em janeiro, 2,364 milh\u00f5es foram de caf\u00e9 ar\u00e1bica verde, queda de 3,9% em rela\u00e7\u00e3o a igual m\u00eas de 2016. Tamb\u00e9m foram exportadas 22,119 mil sacas de caf\u00e9 conilon verde, 71,7% menos do que em janeiro de 2016. As vendas externas de conilon despencaram novamente em fun\u00e7\u00e3o da menor oferta do produto no Brasil em decorr\u00eancia principalmente da quebra da safra no Esp\u00edrito Santo.<\/p>\n<p>As exporta\u00e7\u00f5es tamb\u00e9m inclu\u00edram 174,743 mil sacas de caf\u00e9 sol\u00favel. O volume foi 35% inferior ao de janeiro de 2016, tamb\u00e9m refletindo a oferta escassa de conilon, que \u00e9 a principal mat\u00e9ria-prima do caf\u00e9 sol\u00favel. J\u00e1 os embarques de caf\u00e9 torrado e mo\u00eddo subiram 56% em rela\u00e7\u00e3o a janeiro de 2016, para 3,2 mil de sacas no m\u00eas passado.<\/p>\n<p>Fonte: Valor<\/p>\n","protected":false},"excerpt":{"rendered":"<p>As exporta\u00e7\u00f5es brasileiras totais de caf\u00e9 somaram 2,564 milh\u00f5es de sacas em janeiro passado, um recuo de 8,7% em rela\u00e7\u00e3o \u00e0s 2,809 milh\u00f5es de sacas&#8230;<\/p>\n","protected":false},"author":1182,"featured_media":17831,"comment_status":"closed","ping_status":"closed","sticky":false,"template":"","format":"standard","meta":{"footnotes":""},"categories":[6],"tags":[],"class_list":["post-22600","post","type-post","status-publish","format-standard","has-post-thumbnail","hentry","category-noticias"],"_links":{"self":[{"href":"https:\/\/www.sincomam.org.br\/index.php\/wp-json\/wp\/v2\/posts\/22600","targetHints":{"allow":["GET"]}}],"collection":[{"href":"https:\/\/www.sincomam.org.br\/index.php\/wp-json\/wp\/v2\/posts"}],"about":[{"href":"https:\/\/www.sincomam.org.br\/index.php\/wp-json\/wp\/v2\/types\/post"}],"author":[{"embeddable":true,"href":"https:\/\/www.sincomam.org.br\/index.php\/wp-json\/wp\/v2\/users\/1182"}],"replies":[{"embeddable":true,"href":"https:\/\/www.sincomam.org.br\/index.php\/wp-json\/wp\/v2\/comments?post=22600"}],"version-history":[{"count":1,"href":"https:\/\/www.sincomam.org.br\/index.php\/wp-json\/wp\/v2\/posts\/22600\/revisions"}],"predecessor-version":[{"id":22601,"href":"https:\/\/www.sincomam.org.br\/index.php\/wp-json\/wp\/v2\/posts\/22600\/revisions\/22601"}],"wp:featuredmedia":[{"embeddable":true,"href":"https:\/\/www.sincomam.org.br\/index.php\/wp-json\/wp\/v2\/media\/17831"}],"wp:attachment":[{"href":"https:\/\/www.sincomam.org.br\/index.php\/wp-json\/wp\/v2\/media?parent=22600"}],"wp:term":[{"taxonomy":"category","embeddable":true,"href":"https:\/\/www.sincomam.org.br\/index.php\/wp-json\/wp\/v2\/categories?post=22600"},{"taxonomy":"post_tag","embeddable":true,"href":"https:\/\/www.sincomam.org.br\/index.php\/wp-json\/wp\/v2\/tags?post=22600"}],"curies":[{"name":"wp","href":"https:\/\/api.w.org\/{rel}","templated":true}]}}