{"id":22594,"date":"2017-02-13T00:30:52","date_gmt":"2017-02-13T02:30:52","guid":{"rendered":"http:\/\/www.sincomam.org.br\/?p=22594"},"modified":"2017-02-12T16:53:18","modified_gmt":"2017-02-12T18:53:18","slug":"temer-se-blinda-antes-que-exploda-a-bomba-da-odebrecht","status":"publish","type":"post","link":"https:\/\/www.sincomam.org.br\/index.php\/temer-se-blinda-antes-que-exploda-a-bomba-da-odebrecht\/","title":{"rendered":"Temer se blinda antes que exploda a bomba da Odebrecht"},"content":{"rendered":"<p>\u00c0 espera que uma nova onda de acusa\u00e7\u00f5es de corrup\u00e7\u00e3o se abata sobre Bras\u00edlia, o presidente Michel Temer\u00a0construiu um bunker para limitar o potencial nocivo que as temidas dela\u00e7\u00f5es da c\u00fapula de Odebrecht\u00a0pode ter sobre seu governo.<\/p>\n<p>A Opera\u00e7\u00e3o \u201cLava Jato\u201d h\u00e1 quase tr\u00eas anos sacode as elites pol\u00edticas e econ\u00f4micas do pa\u00eds, mas, longe de diminuir seu impacto, promete uma escalada de den\u00fancias para os pr\u00f3ximos dias.<\/p>\n<p>Os procuradores est\u00e3o investigando se Temer e outros pol\u00edticos principalmente pertencentes ao PMDB participaram na mega-rede de propinas e desvios milion\u00e1rios de fundos da Petrobras para financiar suas campanhas eleitorais.<\/p>\n<p>O nome do presidente e alguns de seus aliados est\u00e3o entre os citados nas dela\u00e7\u00f5es premiadas dos 77 altos executivos da Odebrecht.<\/p>\n<p>As chamadas \u201cdela\u00e7\u00f5es do fim do mundo\u201d e seu potencial explosivo seguem sob sigilo judicial, mas podem ser divulgadas em breve pelo Supremo Tribunal Federal (STF).<\/p>\n<p>\u201cA aproxima\u00e7\u00e3o do tsunami levou o governo a acionar o plano de emerg\u00eancia\u201d, afirmou Bernardo Mello Franco, colunista da Folha de S\u00e3o Paulo. \u201cA ordem \u00e9 refor\u00e7ar os diques e tentar proteger os amigos com boias e coletes salva-vidas\u201d, acrescentou.<\/p>\n<p><strong>Protegendo o presidente<\/strong><\/p>\n<p>Segundo um testemunho que vazou, o ent\u00e3o vice-presidente Temer pediu \u00e0 Odebrecht, em 2014, que desse ao PMDB alguns milh\u00f5es de d\u00f3lares de fundos para campanhas.<\/p>\n<p>Temer nega qualquer envolvimento e, como presidente em exerc\u00edcio, n\u00e3o pode ser processado por delitos que supostamente ocorreram antes de assumir seu cargo.<\/p>\n<p>Mas, com um grande n\u00famero de colegas potencialmente envolvidos, o esc\u00e2ndalo pode complicar sua situa\u00e7\u00e3o e, al\u00e9m do mais, o MP calcula que o n\u00famero de investigados poder\u00e1 dobrar.<\/p>\n<p>Quando o juiz relator do caso no STF, Teori Zavascki, morreum em um acidente de avi\u00e3o em janeiro, muitos se preocuparam com o futuro da \u201cLava Jato\u201d, enquanto outros questionaram se o acidente que aconteceu justamente durante a homologa\u00e7\u00e3o das dela\u00e7\u00f5es foi mesmo um acidente.<\/p>\n<p>O STF, no entanto, mostrou-se determinardo a seguir em frente e os analistas afirmam que o c\u00edrculo mais pr\u00f3ximo de Temer est\u00e1 lutando para obter todas as vantagens que puder, como nomear o ministro da Justi\u00e7a Alexandre de Moraes, uma figura de perfil muito pol\u00edtico, para ocupar a vaga de Zavascki no STF.<\/p>\n<p>\u201cTemer n\u00e3o est\u00e1 sendo sutil\u201d, enfatizou a colunista de econmia do jornal O O Globo M\u00edriam Leit\u00e3o, para quem o presidente \u201cquer se assegurar de ao menos um voto a seu favor\u201d.<\/p>\n<p>Pouco antes, Temer nomeou para ministro um de seus colaborados mais pr\u00f3ximos, Moreira Franco \u2013 tamb\u00e9m citado na \u201cLava Jato\u201d -, uma vis\u00edvel manobra muito criticada para tentar afastar o amigo do alcance da opera\u00e7\u00e3o comandada pelo juiz S\u00e9rgio Moro.<\/p>\n<p>A nomea\u00e7\u00e3o gerou uma batalha de pareceres de magistrados sobre se Moreira podia ou n\u00e3o assumir o cargo, o que, por fim, ser\u00e1 resolvido pelo STF.<\/p>\n<p><strong>Tens\u00e3o em Bras\u00edlia<\/strong><\/p>\n<p>Al\u00e9m do governo, os rec\u00e9m-eleitos presidentes do Senado, Eunicio Oliveira, eda C\u00e2mara de Deputados, Rodrigo Maia, tamb\u00e9m est\u00e3o envolvidos na \u201cLava Jato\u201d, assim como seus antecessores Renan Calheiros e Eduardo Cunha.<\/p>\n<p>Maia atraiu os focos esta semana por ter tentado tramitar uma lei para reduzir a puni\u00e7\u00e3o para partidos que aceitarem doa\u00e7\u00f5es suspeitas.<\/p>\n<p>Mas o juiz Gilmar Mendes \u2013 que \u00e9 tido como o mai reticente em rela\u00e7\u00e3o \u00e0 investiga\u00e7\u00e3o da \u201cLava Jato\u201d- acusou o Congresso de elaborar uma lei \u201cque dar\u00e1 impunidade aos partidos pol\u00edticos que fa\u00e7am malversa\u00e7\u00e3o de fundos p\u00fablicos\u201d, e Rodrigo Maia teve que dar marcha a r\u00e9.<\/p>\n<p>David Fleischer, professor em\u00e9rito da Universidade de Bras\u00edlia, descreve a situa\u00e7\u00e3o como se a classe pol\u00edtica de Bras\u00edlia se estivesse \u201c\u00e0 espera do fim do mundo\u201d.<\/p>\n<p>\u201cE todo mundo est\u00e1 construindo portas corta-fogo\u201d, acrescentou.<\/p>\n<p>Fonte: Exame<\/p>\n","protected":false},"excerpt":{"rendered":"<p>\u00c0 espera que uma nova onda de acusa\u00e7\u00f5es de corrup\u00e7\u00e3o se abata sobre Bras\u00edlia, o presidente Michel Temer\u00a0construiu um bunker para limitar o potencial nocivo&#8230;<\/p>\n","protected":false},"author":1182,"featured_media":19480,"comment_status":"closed","ping_status":"closed","sticky":false,"template":"","format":"standard","meta":{"footnotes":""},"categories":[6],"tags":[],"class_list":["post-22594","post","type-post","status-publish","format-standard","has-post-thumbnail","hentry","category-noticias"],"_links":{"self":[{"href":"https:\/\/www.sincomam.org.br\/index.php\/wp-json\/wp\/v2\/posts\/22594","targetHints":{"allow":["GET"]}}],"collection":[{"href":"https:\/\/www.sincomam.org.br\/index.php\/wp-json\/wp\/v2\/posts"}],"about":[{"href":"https:\/\/www.sincomam.org.br\/index.php\/wp-json\/wp\/v2\/types\/post"}],"author":[{"embeddable":true,"href":"https:\/\/www.sincomam.org.br\/index.php\/wp-json\/wp\/v2\/users\/1182"}],"replies":[{"embeddable":true,"href":"https:\/\/www.sincomam.org.br\/index.php\/wp-json\/wp\/v2\/comments?post=22594"}],"version-history":[{"count":1,"href":"https:\/\/www.sincomam.org.br\/index.php\/wp-json\/wp\/v2\/posts\/22594\/revisions"}],"predecessor-version":[{"id":22595,"href":"https:\/\/www.sincomam.org.br\/index.php\/wp-json\/wp\/v2\/posts\/22594\/revisions\/22595"}],"wp:featuredmedia":[{"embeddable":true,"href":"https:\/\/www.sincomam.org.br\/index.php\/wp-json\/wp\/v2\/media\/19480"}],"wp:attachment":[{"href":"https:\/\/www.sincomam.org.br\/index.php\/wp-json\/wp\/v2\/media?parent=22594"}],"wp:term":[{"taxonomy":"category","embeddable":true,"href":"https:\/\/www.sincomam.org.br\/index.php\/wp-json\/wp\/v2\/categories?post=22594"},{"taxonomy":"post_tag","embeddable":true,"href":"https:\/\/www.sincomam.org.br\/index.php\/wp-json\/wp\/v2\/tags?post=22594"}],"curies":[{"name":"wp","href":"https:\/\/api.w.org\/{rel}","templated":true}]}}