{"id":22581,"date":"2017-02-10T10:36:15","date_gmt":"2017-02-10T12:36:15","guid":{"rendered":"http:\/\/www.sincomam.org.br\/?p=22581"},"modified":"2017-02-10T10:36:15","modified_gmt":"2017-02-10T12:36:15","slug":"mpf-denuncia-eike-e-cabral-por-corrupcao-e-lavagem-de-dinheiro","status":"publish","type":"post","link":"https:\/\/www.sincomam.org.br\/index.php\/mpf-denuncia-eike-e-cabral-por-corrupcao-e-lavagem-de-dinheiro\/","title":{"rendered":"MPF denuncia Eike e Cabral por corrup\u00e7\u00e3o e lavagem de dinheiro"},"content":{"rendered":"<p>O Minist\u00e9rio P\u00fablico Federal no Rio ofereceu den\u00fancia contra o ex-governador Sergio Cabral (PMDB), o empres\u00e1rio Eike Batista\u00a0e mais seis pessoas pelos crimes de corrup\u00e7\u00e3o e lavagem de dinheiro.<\/p>\n<p>As investiga\u00e7\u00f5es fazem parte da Opera\u00e7\u00e3o Efici\u00eancia, resultado da for\u00e7a-tarefa da Lava Jato no Rio. O conte\u00fado da den\u00fancia ser\u00e1 apresentado pelos procuradores da For\u00e7a Tarefa Rafael Barretto e Jos\u00e9 Augusto Vagos.<\/p>\n<p>Cabral \u00e9 acusado de chefiar uma organiza\u00e7\u00e3o criminosa que recebeu propina de empres\u00e1rios no exerc\u00edcio de seus dois mandatos no governo do Estado do Rio (2007-2014).<\/p>\n<p>Preso na Opera\u00e7\u00e3o Calicute h\u00e1 quase 3 meses, o ex-governador foi indiciado por corrup\u00e7\u00e3o passiva, lavagem de dinheiro e pertencimento a organiza\u00e7\u00e3o criminosa.<\/p>\n<p>Eike foi indiciado por corrup\u00e7\u00e3o ativa, lavagem de dinheiro e pertencimento a organiza\u00e7\u00e3o criminosa. Ele teria pago US$ 16,5 milh\u00f5es em propina ao esquema liderado por Cabral para ter benef\u00edcios em seus neg\u00f3cios.<\/p>\n<p>O empres\u00e1rio foi preso no dia 30 de janeiro. Ambos est\u00e3o em celas no complexo penitenci\u00e1rio de Gericin\u00f3, em Bangu, na zona oeste do Rio. O crime de corrup\u00e7\u00e3o prev\u00ea pena de dois a 12 anos de pris\u00e3o; o de lavagem de dinheiro de tr\u00eas a dez anos.<\/p>\n","protected":false},"excerpt":{"rendered":"<p>O Minist\u00e9rio P\u00fablico Federal no Rio ofereceu den\u00fancia contra o ex-governador Sergio Cabral (PMDB), o empres\u00e1rio Eike Batista\u00a0e mais seis pessoas pelos crimes de corrup\u00e7\u00e3o&#8230;<\/p>\n","protected":false},"author":1182,"featured_media":22420,"comment_status":"closed","ping_status":"closed","sticky":false,"template":"","format":"standard","meta":{"footnotes":""},"categories":[6],"tags":[],"class_list":["post-22581","post","type-post","status-publish","format-standard","has-post-thumbnail","hentry","category-noticias"],"_links":{"self":[{"href":"https:\/\/www.sincomam.org.br\/index.php\/wp-json\/wp\/v2\/posts\/22581","targetHints":{"allow":["GET"]}}],"collection":[{"href":"https:\/\/www.sincomam.org.br\/index.php\/wp-json\/wp\/v2\/posts"}],"about":[{"href":"https:\/\/www.sincomam.org.br\/index.php\/wp-json\/wp\/v2\/types\/post"}],"author":[{"embeddable":true,"href":"https:\/\/www.sincomam.org.br\/index.php\/wp-json\/wp\/v2\/users\/1182"}],"replies":[{"embeddable":true,"href":"https:\/\/www.sincomam.org.br\/index.php\/wp-json\/wp\/v2\/comments?post=22581"}],"version-history":[{"count":1,"href":"https:\/\/www.sincomam.org.br\/index.php\/wp-json\/wp\/v2\/posts\/22581\/revisions"}],"predecessor-version":[{"id":22582,"href":"https:\/\/www.sincomam.org.br\/index.php\/wp-json\/wp\/v2\/posts\/22581\/revisions\/22582"}],"wp:featuredmedia":[{"embeddable":true,"href":"https:\/\/www.sincomam.org.br\/index.php\/wp-json\/wp\/v2\/media\/22420"}],"wp:attachment":[{"href":"https:\/\/www.sincomam.org.br\/index.php\/wp-json\/wp\/v2\/media?parent=22581"}],"wp:term":[{"taxonomy":"category","embeddable":true,"href":"https:\/\/www.sincomam.org.br\/index.php\/wp-json\/wp\/v2\/categories?post=22581"},{"taxonomy":"post_tag","embeddable":true,"href":"https:\/\/www.sincomam.org.br\/index.php\/wp-json\/wp\/v2\/tags?post=22581"}],"curies":[{"name":"wp","href":"https:\/\/api.w.org\/{rel}","templated":true}]}}