{"id":22579,"date":"2017-02-10T10:35:17","date_gmt":"2017-02-10T12:35:17","guid":{"rendered":"http:\/\/www.sincomam.org.br\/?p=22579"},"modified":"2017-02-10T10:35:17","modified_gmt":"2017-02-10T12:35:17","slug":"ministro-da-prazo-para-temer-se-pronunciar-sobre-moreira-franco","status":"publish","type":"post","link":"https:\/\/www.sincomam.org.br\/index.php\/ministro-da-prazo-para-temer-se-pronunciar-sobre-moreira-franco\/","title":{"rendered":"Ministro d\u00e1 prazo para Temer se pronunciar sobre Moreira Franco"},"content":{"rendered":"<p>O ministro Celso de Mello, do Supremo Tribunal Federal (STF), deu de prazo para o presidente Michel Temer\u00a0se manifestar sobre a nomea\u00e7\u00e3o de Moreira Franco como ministro da Secretaria-Geral da Presid\u00eancia da Rep\u00fablica, informou a corte.<\/p>\n<p>A nomea\u00e7\u00e3o de Moreira Franco, citado em vazamentos da dela\u00e7\u00e3o premiada da construtora Odebrecht na opera\u00e7\u00e3o Lava Jato, tem sido alvo de uma batalha de liminares na primeira inst\u00e2ncia da Justi\u00e7a Federal em pelo menos tr\u00eas Estados, e a Advocacia-Geral da Uni\u00e3o (AGU) tem buscado derrubar as decis\u00f5es que suspendem a nomea\u00e7\u00e3o sob alega\u00e7\u00e3o de desvio de finalidade.<\/p>\n<p>Com a nomea\u00e7\u00e3o para o minist\u00e9rio, Moreira Franco passaria a ter prerrogativa de foro junto ao Supremo e ficaria fora do alcance do juiz S\u00e9rgio Moro, respons\u00e1vel pelos processos da Lava Jato na primeira inst\u00e2ncia da Justi\u00e7a Federal do Paran\u00e1.<\/p>\n<p>Em seu despacho, no \u00e2mbito de mandados de seguran\u00e7a impetrados pela Rede e pelo PSOL, Celso de Mello afirma que antes de tomar uma decis\u00e3o \u2013os partidos tamb\u00e9m pedem a suspens\u00e3o liminar da nomea\u00e7\u00e3o\u2013 \u00e9 necess\u00e1rio ouvir o presidente da Rep\u00fablica.<\/p>\n<p>\u201cDesse modo, solicite-se tal pronunciamento ao senhor presidente da Rep\u00fablica, estabelecido, para esse espec\u00edfico fim, o prazo de 24 horas, sem preju\u00edzo da ulterior requisi\u00e7\u00e3o de informa\u00e7\u00f5es que lhe ser\u00e1 dirigida\u201d, escreveu o ministro em despacho emitido ap\u00f3s \u00e0s 22h30 de quinta-feira.<\/p>\n","protected":false},"excerpt":{"rendered":"<p>O ministro Celso de Mello, do Supremo Tribunal Federal (STF), deu de prazo para o presidente Michel Temer\u00a0se manifestar sobre a nomea\u00e7\u00e3o de Moreira Franco&#8230;<\/p>\n","protected":false},"author":1182,"featured_media":19480,"comment_status":"closed","ping_status":"closed","sticky":false,"template":"","format":"standard","meta":{"footnotes":""},"categories":[6],"tags":[],"class_list":["post-22579","post","type-post","status-publish","format-standard","has-post-thumbnail","hentry","category-noticias"],"_links":{"self":[{"href":"https:\/\/www.sincomam.org.br\/index.php\/wp-json\/wp\/v2\/posts\/22579","targetHints":{"allow":["GET"]}}],"collection":[{"href":"https:\/\/www.sincomam.org.br\/index.php\/wp-json\/wp\/v2\/posts"}],"about":[{"href":"https:\/\/www.sincomam.org.br\/index.php\/wp-json\/wp\/v2\/types\/post"}],"author":[{"embeddable":true,"href":"https:\/\/www.sincomam.org.br\/index.php\/wp-json\/wp\/v2\/users\/1182"}],"replies":[{"embeddable":true,"href":"https:\/\/www.sincomam.org.br\/index.php\/wp-json\/wp\/v2\/comments?post=22579"}],"version-history":[{"count":1,"href":"https:\/\/www.sincomam.org.br\/index.php\/wp-json\/wp\/v2\/posts\/22579\/revisions"}],"predecessor-version":[{"id":22580,"href":"https:\/\/www.sincomam.org.br\/index.php\/wp-json\/wp\/v2\/posts\/22579\/revisions\/22580"}],"wp:featuredmedia":[{"embeddable":true,"href":"https:\/\/www.sincomam.org.br\/index.php\/wp-json\/wp\/v2\/media\/19480"}],"wp:attachment":[{"href":"https:\/\/www.sincomam.org.br\/index.php\/wp-json\/wp\/v2\/media?parent=22579"}],"wp:term":[{"taxonomy":"category","embeddable":true,"href":"https:\/\/www.sincomam.org.br\/index.php\/wp-json\/wp\/v2\/categories?post=22579"},{"taxonomy":"post_tag","embeddable":true,"href":"https:\/\/www.sincomam.org.br\/index.php\/wp-json\/wp\/v2\/tags?post=22579"}],"curies":[{"name":"wp","href":"https:\/\/api.w.org\/{rel}","templated":true}]}}