{"id":22568,"date":"2017-02-09T01:34:37","date_gmt":"2017-02-09T03:34:37","guid":{"rendered":"http:\/\/www.sincomam.org.br\/?p=22568"},"modified":"2017-02-08T20:36:04","modified_gmt":"2017-02-08T22:36:04","slug":"defesa-de-cunha-apresenta-exames-e-atestado-que-mostram-aneurisma","status":"publish","type":"post","link":"https:\/\/www.sincomam.org.br\/index.php\/defesa-de-cunha-apresenta-exames-e-atestado-que-mostram-aneurisma\/","title":{"rendered":"Defesa de Cunha apresenta exames e atestado que mostram aneurisma"},"content":{"rendered":"<p>A defesa do deputado cassado e ex-presidente da C\u00e2mara Eduardo Cunha (PMDB-RJ) apresentou, nesta quarta-feira (8), exames que mostram o aneurisma cerebral do cliente, al\u00e9m de relat\u00f3rio e atestado m\u00e9dicos.<\/p>\n<p>Os documentos foram protocolados na Justi\u00e7a Federal do Paran\u00e1, onde o ex-presidente da C\u00e2mara responde a um processo oriundo da Opera\u00e7\u00e3o Lava Jato.<\/p>\n<p>Na ter\u00e7a (7), em interrogat\u00f3rio ao juiz federal S\u00e9rgio Moro \u2013 respons\u00e1vel pelos processos da Opera\u00e7\u00e3o Lava Jato na primeira inst\u00e2ncia \u2013 Eduardo Cunha disse ter um aneurisma cerebral\u00a0parecido com o da ex-primeira-dama Marisa Let\u00edcia Lula da Silva. Ela morreu na sexta-feira (3).<\/p>\n<p>Um dos exames foi feito no Hospital S\u00edrio-Liban\u00eas, em S\u00e3o Paulo (SP), em junho de 2015. Outro, de fevereiro de 2016, \u00e9 do Americas Medical City, no Rio de Janeiro (RJ).<\/p>\n<p><strong>Atestado<\/strong><br \/>O atestado m\u00e9dico, que \u00e9 desta quarta, apontou que Eduardo Cunha &#8220;\u00e9 portador de aneurisma intracraniano, localizado na art\u00e9ria cerebral m\u00e9dia esquerda&#8221;.<\/p>\n<p>No documento, o m\u00e9dico Paulo Niemeyer Filho relatou que o diagn\u00f3stico foi feito em julho de 2015, por angioresson\u00e2ncia e angiotomografia.<\/p>\n<p>&#8220;Na ocasi\u00e3o recomendei ao paciente o tratamento cir\u00fargico&#8221;, afirmou o m\u00e9dico no atestado.<\/p>\n<p><strong>Relat\u00f3rio<\/strong><br \/>Em outro documento, um relat\u00f3rio assinado em 8 de janeiro de 2017, o m\u00e9dico Jo\u00e3o G. Pantoja explicou que o exame de angiotomografia de cr\u00e2nio realizado em 2015 mostrou que as caracter\u00edsticas morfol\u00f3gicas da les\u00e3o n\u00e3o favoreciam, naquele momento, um tratamento preventivo imediato.<\/p>\n<p>O exame de fevereiro de 2016, conforme o relat\u00f3rio m\u00e9dico, n\u00e3o demonstrou altera\u00e7\u00f5es significativas.<\/p>\n<p>&#8220;Como a chance de complica\u00e7\u00f5es advindas de alguma forma de tratamento naquele est\u00e1gio ainda se apresenta consider\u00e1vel, optou-se pela continuada observa\u00e7\u00e3o e avalia\u00e7\u00e3o peri\u00f3dica, tendo sido sugerido reavalia\u00e7\u00e3o a cada 6 meses desde o \u00faltimo exame realizado&#8221;, diz um trecho do relat\u00f3rio m\u00e9dico.<\/p>\n<p><strong>Recusa do exame<\/strong><br \/>Na manh\u00e3 desta quarta-feira,\u00a0<a href=\"http:\/\/g1.globo.com\/pr\/parana\/noticia\/2017\/02\/eduardo-cunha-se-nega-fazer-exame-para-comprovar-aneurisma-diz-depen.html\">o ex-presidente da C\u00e2mara se recusou a fazer os exames que verificam o aneurisma cerebral<\/a>, segundo diretor do Departamento Penitenci\u00e1rio (Depen) do Paran\u00e1, Luiz Alberto Cartaxo de Moura.<\/p>\n<p>De acordo com Cartaxo, foi a segunda vez que Eduardo Cunha se negou a ser examinado.<\/p>\n<p>&#8220;Ressalto, ainda, que essa enfermidade foi revelada no dia 21 de dezembro ao corpo m\u00e9dico do CMP [Complexo M\u00e9dico-Penal], que solicitou \u00e0 fam\u00edlia e aos advogados que fossem encaminhados os exames e os documentos comprobat\u00f3rios de tal situa\u00e7\u00e3o, o que at\u00e9 hoje n\u00e3o aconteceu&#8221;, havia dito Cartaxo nesta manh\u00e3.<\/p>\n<p><strong>Cust\u00f3dia<\/strong><br \/>Cartaxo disse que o aneurisma, se comprovado, n\u00e3o exclui a cust\u00f3dia do deputado cassado, j\u00e1 que pode se romper em qualquer lugar, como na casa dele. &#8220;Mesma condi\u00e7\u00e3o ele teria dirigindo um carro&#8221;, exemplificou.<\/p>\n<p>O diretor do Depen garantiu que a press\u00e3o arterial do ex-presidente da C\u00e2mara \u00e9 controlada com frequ\u00eancia e que ele toma a medica\u00e7\u00e3o necess\u00e1ria.<\/p>\n<p>Cartaxo tamb\u00e9m afirmou que o Complexo M\u00e9dico-Penal oferece condi\u00e7\u00e3o de cust\u00f3dia &#8220;para qualquer paciente da condi\u00e7\u00e3o que ele diz ter&#8221;.<\/p>\n<p><strong>Pris\u00e3o<\/strong><br \/>O deputado cassado foi transferido ao Complexo M\u00e9dico-Penal, em Pinhais, na Regi\u00e3o Metropolitana de Curitiba, em 19 de dezembro. At\u00e9 ent\u00e3o, ele estava detido na carceragem da Pol\u00edcia Federal (PF), na capital paranaense.<\/p>\n<p>Eduardo Cunha foi preso em Bras\u00edlia, pela Opera\u00e7\u00e3o Lava Jato, no em 19 de outubro. Ele foi levado a Curitiba no mesmo dia. o ex-presidente da C\u00e2mara \u00e9 acusado de receber propina de contrato da Petrobras para explora\u00e7\u00e3o de petr\u00f3leo no Benin, na \u00c1frica, e usar contas na Su\u00ed\u00e7a para lavar o dinheiro.<\/p>\n","protected":false},"excerpt":{"rendered":"<p>A defesa do deputado cassado e ex-presidente da C\u00e2mara Eduardo Cunha (PMDB-RJ) apresentou, nesta quarta-feira (8), exames que mostram o aneurisma cerebral do cliente, al\u00e9m&#8230;<\/p>\n","protected":false},"author":1182,"featured_media":18249,"comment_status":"closed","ping_status":"closed","sticky":false,"template":"","format":"standard","meta":{"footnotes":""},"categories":[6],"tags":[],"class_list":["post-22568","post","type-post","status-publish","format-standard","has-post-thumbnail","hentry","category-noticias"],"_links":{"self":[{"href":"https:\/\/www.sincomam.org.br\/index.php\/wp-json\/wp\/v2\/posts\/22568","targetHints":{"allow":["GET"]}}],"collection":[{"href":"https:\/\/www.sincomam.org.br\/index.php\/wp-json\/wp\/v2\/posts"}],"about":[{"href":"https:\/\/www.sincomam.org.br\/index.php\/wp-json\/wp\/v2\/types\/post"}],"author":[{"embeddable":true,"href":"https:\/\/www.sincomam.org.br\/index.php\/wp-json\/wp\/v2\/users\/1182"}],"replies":[{"embeddable":true,"href":"https:\/\/www.sincomam.org.br\/index.php\/wp-json\/wp\/v2\/comments?post=22568"}],"version-history":[{"count":1,"href":"https:\/\/www.sincomam.org.br\/index.php\/wp-json\/wp\/v2\/posts\/22568\/revisions"}],"predecessor-version":[{"id":22569,"href":"https:\/\/www.sincomam.org.br\/index.php\/wp-json\/wp\/v2\/posts\/22568\/revisions\/22569"}],"wp:featuredmedia":[{"embeddable":true,"href":"https:\/\/www.sincomam.org.br\/index.php\/wp-json\/wp\/v2\/media\/18249"}],"wp:attachment":[{"href":"https:\/\/www.sincomam.org.br\/index.php\/wp-json\/wp\/v2\/media?parent=22568"}],"wp:term":[{"taxonomy":"category","embeddable":true,"href":"https:\/\/www.sincomam.org.br\/index.php\/wp-json\/wp\/v2\/categories?post=22568"},{"taxonomy":"post_tag","embeddable":true,"href":"https:\/\/www.sincomam.org.br\/index.php\/wp-json\/wp\/v2\/tags?post=22568"}],"curies":[{"name":"wp","href":"https:\/\/api.w.org\/{rel}","templated":true}]}}