{"id":22565,"date":"2017-02-09T00:15:17","date_gmt":"2017-02-09T02:15:17","guid":{"rendered":"http:\/\/www.sincomam.org.br\/?p=22565"},"modified":"2017-02-08T20:34:30","modified_gmt":"2017-02-08T22:34:30","slug":"tre-rj-cassa-mandato-da-chapa-do-governador-do-rj-luiz-fernando-pezao","status":"publish","type":"post","link":"https:\/\/www.sincomam.org.br\/index.php\/tre-rj-cassa-mandato-da-chapa-do-governador-do-rj-luiz-fernando-pezao\/","title":{"rendered":"TRE-RJ cassa mandato da chapa do governador do RJ, Luiz Fernando Pez\u00e3o"},"content":{"rendered":"<p>Por 3 votos a 2, o Tribunal Regional Eleitoral do Rio (TRE-RJ) decid pela cassa\u00e7\u00e3o do mandato da chapa do governador do estado, Luiz Fernando Pez\u00e3o, e do vice, Francisco Dornelles, por abuso de poder econ\u00f4mico e pol\u00edtico. Os dois ficam ineleg\u00edveis por oito anos.\u00a0<\/p>\n<div class=\"mc-column content-text active-extra-styles \" data-block-type=\"unstyled\" data-block-weight=\"55\">\n<p class=\"content-text__container \" data-track-category=\"Link no Texto\" data-track-links=\"\">Pez\u00e3o e Dornelles informaram que v\u00e3o recorrer ao Tribunal Superior Eleitoral (TSE) assim que for publicada a decis\u00e3o \u2013 eles t\u00eam tr\u00eas dias para entrar com o recurso. Segundo as assessorias de imprensa do TRE e do governo do estado, at\u00e9 que o recurso seja julgado em Bras\u00edlia governador e vice podem permanecer no cargo.\u00a0<\/p>\n<\/div>\n<div class=\"mc-column content-text active-extra-styles \" data-block-type=\"unstyled\" data-block-weight=\"36\">\n<p class=\"content-text__container \" data-track-category=\"Link no Texto\" data-track-links=\"\">O TRE determinou a realiza\u00e7\u00e3o de elei\u00e7\u00f5es diretas para a escolha dos representantes do Poder Executivo estadual. A decis\u00e3o, no entanto, s\u00f3 produz efeito ap\u00f3s o &#8220;tr\u00e2nsito em julgado&#8221;, ou seja, quando n\u00e3o couber mais recurso.\u00a0<\/p>\n<\/div>\n<div class=\"mc-column content-text active-extra-styles \" data-block-type=\"unstyled\" data-block-weight=\"46\">\n<p class=\"content-text__container \" data-track-category=\"Link no Texto\" data-track-links=\"\">&#8220;Teve um efeito suspensivo, o TRE manteve ele no cargo (&#8230;) [Pez\u00e3o] Vai recorrer e a gente espera que ele tenha sucesso para o bem do Rio de Janeiro&#8221;, declarou o presidente da Assembleia Legislativa (Alerj) e aliado de Pez\u00e3o, Jorge Picciani, em entrevista ao RJTV.\u00a0<\/p>\n<\/div>\n<div class=\"mc-column content-media content-media--normal\" data-block-type=\"backstage-photo\">\n<div class=\"content-media__container\">\n<div class=\"content-media__image-centered\">\n<div class=\"progressive-img\"><picture itemscope=\"\" itemtype=\"http:\/\/schema.org\/ImageObject\"><source media=\"(max-width: 1024px)\" data-src=\"http:\/\/s2.glbimg.com\/eAWDUYIeObUbvTwuoXmV3FAWDWY=\/0x0:1920x1080\/600x0\/smart\/filters:strip_icc()\/i.s3.glbimg.com\/v1\/AUTH_59edd422c0c84a879bd37670ae4f538a\/internal_photos\/bs\/2017\/F\/Y\/i8QtUpS8e3SQiciWtA4g\/pezao.jpg 1x, http:\/\/s2.glbimg.com\/rEXj_SPEUNJ_albwlJaVZacTPCU=\/0x0:1920x1080\/1200x0\/smart\/filters:strip_icc()\/i.s3.glbimg.com\/v1\/AUTH_59edd422c0c84a879bd37670ae4f538a\/internal_photos\/bs\/2017\/F\/Y\/i8QtUpS8e3SQiciWtA4g\/pezao.jpg 2x\" srcset=\"http:\/\/s2.glbimg.com\/eAWDUYIeObUbvTwuoXmV3FAWDWY=\/0x0:1920x1080\/600x0\/smart\/filters:strip_icc()\/i.s3.glbimg.com\/v1\/AUTH_59edd422c0c84a879bd37670ae4f538a\/internal_photos\/bs\/2017\/F\/Y\/i8QtUpS8e3SQiciWtA4g\/pezao.jpg 1x, http:\/\/s2.glbimg.com\/rEXj_SPEUNJ_albwlJaVZacTPCU=\/0x0:1920x1080\/1200x0\/smart\/filters:strip_icc()\/i.s3.glbimg.com\/v1\/AUTH_59edd422c0c84a879bd37670ae4f538a\/internal_photos\/bs\/2017\/F\/Y\/i8QtUpS8e3SQiciWtA4g\/pezao.jpg 2x\" \/><source media=\"(max-width: 1280px)\" data-src=\"http:\/\/s2.glbimg.com\/SouYiwv84q8T7cXOyjcAXYjiZOU=\/0x0:1920x1080\/640x0\/smart\/filters:strip_icc()\/i.s3.glbimg.com\/v1\/AUTH_59edd422c0c84a879bd37670ae4f538a\/internal_photos\/bs\/2017\/F\/Y\/i8QtUpS8e3SQiciWtA4g\/pezao.jpg 1x, http:\/\/s2.glbimg.com\/FIjO2y5wzy2jp6cTrSz_1xa2Imk=\/0x0:1920x1080\/1280x0\/smart\/filters:strip_icc()\/i.s3.glbimg.com\/v1\/AUTH_59edd422c0c84a879bd37670ae4f538a\/internal_photos\/bs\/2017\/F\/Y\/i8QtUpS8e3SQiciWtA4g\/pezao.jpg 2x\" srcset=\"http:\/\/s2.glbimg.com\/SouYiwv84q8T7cXOyjcAXYjiZOU=\/0x0:1920x1080\/640x0\/smart\/filters:strip_icc()\/i.s3.glbimg.com\/v1\/AUTH_59edd422c0c84a879bd37670ae4f538a\/internal_photos\/bs\/2017\/F\/Y\/i8QtUpS8e3SQiciWtA4g\/pezao.jpg 1x, http:\/\/s2.glbimg.com\/FIjO2y5wzy2jp6cTrSz_1xa2Imk=\/0x0:1920x1080\/1280x0\/smart\/filters:strip_icc()\/i.s3.glbimg.com\/v1\/AUTH_59edd422c0c84a879bd37670ae4f538a\/internal_photos\/bs\/2017\/F\/Y\/i8QtUpS8e3SQiciWtA4g\/pezao.jpg 2x\" \/><source media=\"(max-width: 1360px)\" data-src=\"http:\/\/s2.glbimg.com\/nI5s4perJH2mhTpuypewktYTBTA=\/0x0:1920x1080\/984x0\/smart\/filters:strip_icc()\/i.s3.glbimg.com\/v1\/AUTH_59edd422c0c84a879bd37670ae4f538a\/internal_photos\/bs\/2017\/F\/Y\/i8QtUpS8e3SQiciWtA4g\/pezao.jpg 1x, http:\/\/s2.glbimg.com\/EklqQnL8mvuqx19HanWojyEqNOM=\/0x0:1920x1080\/1968x0\/smart\/filters:strip_icc()\/i.s3.glbimg.com\/v1\/AUTH_59edd422c0c84a879bd37670ae4f538a\/internal_photos\/bs\/2017\/F\/Y\/i8QtUpS8e3SQiciWtA4g\/pezao.jpg 2x\" srcset=\"http:\/\/s2.glbimg.com\/nI5s4perJH2mhTpuypewktYTBTA=\/0x0:1920x1080\/984x0\/smart\/filters:strip_icc()\/i.s3.glbimg.com\/v1\/AUTH_59edd422c0c84a879bd37670ae4f538a\/internal_photos\/bs\/2017\/F\/Y\/i8QtUpS8e3SQiciWtA4g\/pezao.jpg 1x, http:\/\/s2.glbimg.com\/EklqQnL8mvuqx19HanWojyEqNOM=\/0x0:1920x1080\/1968x0\/smart\/filters:strip_icc()\/i.s3.glbimg.com\/v1\/AUTH_59edd422c0c84a879bd37670ae4f538a\/internal_photos\/bs\/2017\/F\/Y\/i8QtUpS8e3SQiciWtA4g\/pezao.jpg 2x\" \/><source media=\"(min-width: 1361px)\" data-src=\"http:\/\/s2.glbimg.com\/GYGuetvs3So4hLkjSL-0ZmWJQuc=\/0x0:1920x1080\/1000x0\/smart\/filters:strip_icc()\/i.s3.glbimg.com\/v1\/AUTH_59edd422c0c84a879bd37670ae4f538a\/internal_photos\/bs\/2017\/F\/Y\/i8QtUpS8e3SQiciWtA4g\/pezao.jpg 1x, http:\/\/s2.glbimg.com\/pkxUmhxAdobdwGU-8iTGANC7Dk4=\/0x0:1920x1080\/2000x0\/smart\/filters:strip_icc()\/i.s3.glbimg.com\/v1\/AUTH_59edd422c0c84a879bd37670ae4f538a\/internal_photos\/bs\/2017\/F\/Y\/i8QtUpS8e3SQiciWtA4g\/pezao.jpg 2x\" srcset=\"http:\/\/s2.glbimg.com\/GYGuetvs3So4hLkjSL-0ZmWJQuc=\/0x0:1920x1080\/1000x0\/smart\/filters:strip_icc()\/i.s3.glbimg.com\/v1\/AUTH_59edd422c0c84a879bd37670ae4f538a\/internal_photos\/bs\/2017\/F\/Y\/i8QtUpS8e3SQiciWtA4g\/pezao.jpg 1x, http:\/\/s2.glbimg.com\/pkxUmhxAdobdwGU-8iTGANC7Dk4=\/0x0:1920x1080\/2000x0\/smart\/filters:strip_icc()\/i.s3.glbimg.com\/v1\/AUTH_59edd422c0c84a879bd37670ae4f538a\/internal_photos\/bs\/2017\/F\/Y\/i8QtUpS8e3SQiciWtA4g\/pezao.jpg 2x\" \/><source data-src=\"http:\/\/s2.glbimg.com\/nI5s4perJH2mhTpuypewktYTBTA=\/0x0:1920x1080\/984x0\/smart\/filters:strip_icc()\/i.s3.glbimg.com\/v1\/AUTH_59edd422c0c84a879bd37670ae4f538a\/internal_photos\/bs\/2017\/F\/Y\/i8QtUpS8e3SQiciWtA4g\/pezao.jpg\" srcset=\"http:\/\/s2.glbimg.com\/nI5s4perJH2mhTpuypewktYTBTA=\/0x0:1920x1080\/984x0\/smart\/filters:strip_icc()\/i.s3.glbimg.com\/v1\/AUTH_59edd422c0c84a879bd37670ae4f538a\/internal_photos\/bs\/2017\/F\/Y\/i8QtUpS8e3SQiciWtA4g\/pezao.jpg\" \/><\/picture><\/div>\n<\/div>\n<div class=\"content-media__description-centered \">\n<p class=\"content-media__description \">Picciani negou um poss\u00edvel adiamento da sess\u00e3o previstas na Alerj para esta quinta-feira (8). Na pauta, est\u00e1 a privatiza\u00e7\u00e3o da Cedae. &#8220;Continua mantido. N\u00f3s vamos ter sess\u00e3o extraordin\u00e1ria das 8h \u00e0s 14h, come\u00e7ando bem cedinho e depois, \u00e0s 15h, a reuni\u00e3o da discuss\u00e3o sobre a Cedea e sobre o sal\u00e1rio m\u00ednimo regional&#8221;, explicou.\u00a0<\/p>\n<\/div>\n<\/div>\n<\/div>\n<div class=\"content-ads content-ads--reveal\">&#8220;Evidentemente que um enfraquecimento pol\u00edtico \u00e9 mais um ingrediente pol\u00edtico nessa grave crise que enfrenta o Rio de Janeiro&#8221;, disse Picciani.\u00a0<\/div>\n<div class=\"mc-column content-text active-extra-styles \" data-block-type=\"unstyled\" data-block-weight=\"58\">\n<p class=\"content-text__container \" data-track-category=\"Link no Texto\" data-track-links=\"\">O pedido inicial da a\u00e7\u00e3o foi protocolado pelo PSOL. \u201cHouve abuso de poder econ\u00f4mico na campanha do governador. Por isso que a decis\u00e3o do TRE \u00e9 pela cassa\u00e7\u00e3o da chapa (&#8230;) Claro que depende do TSE para que ele possa ser definitivamente cassado, mas \u00e9 a prova de que \u00e9 um governo ileg\u00edtimo&#8221;, declarou o deputado Marcelo Freixo.\u00a0<\/p>\n<\/div>\n<div class=\"mc-column content-text active-extra-styles \" data-block-type=\"unstyled\" data-block-weight=\"26\">\n<p class=\"content-text__container \" data-track-category=\"Link no Texto\" data-track-links=\"\">Segundo o l\u00edder do PSOL na Alerj, caso o TSE negue recurso de Pez\u00e3o, as elei\u00e7\u00f5es podem ser indiretas, apesar da decis\u00e3o do TRE desta quinta.\u00a0<\/p>\n<\/div>\n<div class=\"mc-column content-text active-extra-styles \" data-block-type=\"unstyled\" data-block-weight=\"50\">\n<p class=\"content-text__container \" data-track-category=\"Link no Texto\" data-track-links=\"\">&#8220;A indica\u00e7\u00e3o do TRE \u00e9 a elei\u00e7\u00e3o direta, mas pode ser que a elei\u00e7\u00e3o seja indireta, pois j\u00e1 est\u00e1 no segundo ano do governo e a Assembleia Legislativa \u00e9 que votaria. O ideal e mais democr\u00e1tico \u00e9 que seja uma nova elei\u00e7\u00e3o direta. Isso que a popula\u00e7\u00e3o deseja&#8221;, explicou Freixo.\u00a0<\/p>\n<\/div>\n<div class=\"mc-column content-text active-extra-styles \" data-block-type=\"unstyled\" data-block-weight=\"42\">\n<p class=\"content-text__container \" data-track-category=\"Link no Texto\" data-track-links=\"\"><strong>Material irregular de campanha<\/strong><br \/>A a\u00e7\u00e3o trata da produ\u00e7\u00e3o irregular de material irregular de campanha sem presta\u00e7\u00e3o de contas. Segundo a Procuradoria Regional Eleitoral (PRE-RJ), foram omitidos gastos de mais de R$ 10 milh\u00f5es na campanha de Pez\u00e3o ao governo, em 2014.\u00a0<\/p>\n<\/div>\n<div class=\"mc-column content-text active-extra-styles \" data-block-type=\"unstyled\" data-block-weight=\"35\">\n<p class=\"content-text__container \" data-track-category=\"Link no Texto\" data-track-links=\"\">Segundo a decis\u00e3o do TRE, houve abuso de poder econ\u00f4mico e pol\u00edtico na concess\u00e3o de benef\u00edcios financeiros a empresas como contrapartida a posteriores doa\u00e7\u00f5es para a campanha do ent\u00e3o candidato Pez\u00e3o e de seu vice.\u00a0<\/p>\n<\/div>\n<div class=\"mc-column content-text active-extra-styles \" data-block-type=\"unstyled\" data-block-weight=\"27\">\n<p class=\"content-text__container \" data-track-category=\"Link no Texto\" data-track-links=\"\">&#8220;Restou comprovado que contratos administrativos milion\u00e1rios foram celebrados em troca de doa\u00e7\u00e3o de campanha&#8221;, afirmou um dos membros da Corte, desembargador eleitoral Marco Couto, em seu voto.<\/p>\n<p>Fonte: G1<\/p>\n<\/div>\n","protected":false},"excerpt":{"rendered":"<p>Por 3 votos a 2, o Tribunal Regional Eleitoral do Rio (TRE-RJ) decid pela cassa\u00e7\u00e3o do mandato da chapa do governador do estado, Luiz Fernando&#8230;<\/p>\n","protected":false},"author":1182,"featured_media":22566,"comment_status":"closed","ping_status":"closed","sticky":false,"template":"","format":"standard","meta":{"footnotes":""},"categories":[6],"tags":[],"class_list":["post-22565","post","type-post","status-publish","format-standard","has-post-thumbnail","hentry","category-noticias"],"_links":{"self":[{"href":"https:\/\/www.sincomam.org.br\/index.php\/wp-json\/wp\/v2\/posts\/22565","targetHints":{"allow":["GET"]}}],"collection":[{"href":"https:\/\/www.sincomam.org.br\/index.php\/wp-json\/wp\/v2\/posts"}],"about":[{"href":"https:\/\/www.sincomam.org.br\/index.php\/wp-json\/wp\/v2\/types\/post"}],"author":[{"embeddable":true,"href":"https:\/\/www.sincomam.org.br\/index.php\/wp-json\/wp\/v2\/users\/1182"}],"replies":[{"embeddable":true,"href":"https:\/\/www.sincomam.org.br\/index.php\/wp-json\/wp\/v2\/comments?post=22565"}],"version-history":[{"count":1,"href":"https:\/\/www.sincomam.org.br\/index.php\/wp-json\/wp\/v2\/posts\/22565\/revisions"}],"predecessor-version":[{"id":22567,"href":"https:\/\/www.sincomam.org.br\/index.php\/wp-json\/wp\/v2\/posts\/22565\/revisions\/22567"}],"wp:featuredmedia":[{"embeddable":true,"href":"https:\/\/www.sincomam.org.br\/index.php\/wp-json\/wp\/v2\/media\/22566"}],"wp:attachment":[{"href":"https:\/\/www.sincomam.org.br\/index.php\/wp-json\/wp\/v2\/media?parent=22565"}],"wp:term":[{"taxonomy":"category","embeddable":true,"href":"https:\/\/www.sincomam.org.br\/index.php\/wp-json\/wp\/v2\/categories?post=22565"},{"taxonomy":"post_tag","embeddable":true,"href":"https:\/\/www.sincomam.org.br\/index.php\/wp-json\/wp\/v2\/tags?post=22565"}],"curies":[{"name":"wp","href":"https:\/\/api.w.org\/{rel}","templated":true}]}}