{"id":22563,"date":"2017-02-09T00:10:00","date_gmt":"2017-02-09T02:10:00","guid":{"rendered":"http:\/\/www.sincomam.org.br\/?p=22563"},"modified":"2017-02-08T20:31:10","modified_gmt":"2017-02-08T22:31:10","slug":"juiz-suspende-por-liminar-nomeacao-de-moreira-franco-para-ministro","status":"publish","type":"post","link":"https:\/\/www.sincomam.org.br\/index.php\/juiz-suspende-por-liminar-nomeacao-de-moreira-franco-para-ministro\/","title":{"rendered":"Juiz suspende por liminar nomea\u00e7\u00e3o de Moreira Franco para ministro"},"content":{"rendered":"<p>O juiz Eduardo Rocha Penteado, da Justi\u00e7a Federal do Distrito Federal, acaba de suspender por liminar a nomea\u00e7\u00e3o de Moreira Franco para a Secretaria-Geral da Presid\u00eancia.<\/p>\n<p>Na decis\u00e3o, o juiz lembra que a nomea\u00e7\u00e3o de Moreira Franco foi dias ap\u00f3s a homologa\u00e7\u00e3o da dela\u00e7\u00e3o dos executivos da Odebrecht, em que ele \u00e9 citado diversas vezes e por diferentes delatores.<\/p>\n<p>Escreveu o juiz:<\/p>\n<p>&#8220;\u00c9 dos autos que Wellington Moreira Franco foi mencionado, com conte\u00fado comprometedor, na dela\u00e7\u00e3o da Odebrecht no \u00e2mbito da Opera\u00e7\u00e3o Lava Jato. \u00c9 dos autos, tamb\u00e9m, que a sua nomea\u00e7\u00e3o como Ministro de Estado ocorreu apenas tr\u00eas dias ap\u00f3s a homologa\u00e7\u00e3o das dela\u00e7\u00f5es, o que implicar\u00e1 na mudan\u00e7a de foro. Sendo assim, ind\u00edcios an\u00e1logos aos que justificaram o afastamento determinado no Mandado de Seguran\u00e7a n\u00ba 34.070\/DF se fazem presentes no caso concreto.&#8221;<\/p>\n<p>Na decis\u00e3o, o juiz cita a jurisprud\u00eancia existente com a decis\u00e3o de Gilmar Mendes sobre Lula, impedindo o petista de se tornar ministro de Dilma Rousseff.<\/p>\n<p>&#8220;No Mandado de Seguran\u00e7a n\u00ba 34.070\/DF, o Ministro Gilmar Mendes reconheceu que consubstancia desvio de finalidade o ato do Presidente da Rep\u00fablica que nomeia Ministro de Estado com o prop\u00f3sito de conferir a este foro por prerrogativa de fun\u00e7\u00e3o. Tratava-se, no caso, da nomea\u00e7\u00e3o de Luiz In\u00e1cio Lula da Silva para o cargo de Chefe da Casa Civil, \u00e0 \u00e9poca realizado pela Ex-Presidente Dilma Rousseff&#8221;, escreveu o juiz.<\/p>\n<p>Por fim, o juiz criticou o &#8220;apoderamento de institui\u00e7\u00f5es p\u00fablicas para finalidades que se chocam com o padr\u00e3o objetivo de moralidade socialmente esperado&#8221;:<\/p>\n<p>&#8220;Com efeito, o princ\u00edpio republicano estabelece os pr\u00f3prios contornos da governabilidade presidencial e, ao faz\u00ea-lo, n\u00e3o convive, por menor que seja o espa\u00e7o de tempo, com o apoderamento de institui\u00e7\u00f5es p\u00fablicas para finalidades que se chocam com o padr\u00e3o objetivo de moralidade socialmente esperado dos governantes.&#8221;<\/p>\n<p>Fonte: Jornal O Globo<\/p>\n","protected":false},"excerpt":{"rendered":"<p>O juiz Eduardo Rocha Penteado, da Justi\u00e7a Federal do Distrito Federal, acaba de suspender por liminar a nomea\u00e7\u00e3o de Moreira Franco para a Secretaria-Geral da&#8230;<\/p>\n","protected":false},"author":1182,"featured_media":22470,"comment_status":"closed","ping_status":"closed","sticky":false,"template":"","format":"standard","meta":{"footnotes":""},"categories":[6],"tags":[],"class_list":["post-22563","post","type-post","status-publish","format-standard","has-post-thumbnail","hentry","category-noticias"],"_links":{"self":[{"href":"https:\/\/www.sincomam.org.br\/index.php\/wp-json\/wp\/v2\/posts\/22563","targetHints":{"allow":["GET"]}}],"collection":[{"href":"https:\/\/www.sincomam.org.br\/index.php\/wp-json\/wp\/v2\/posts"}],"about":[{"href":"https:\/\/www.sincomam.org.br\/index.php\/wp-json\/wp\/v2\/types\/post"}],"author":[{"embeddable":true,"href":"https:\/\/www.sincomam.org.br\/index.php\/wp-json\/wp\/v2\/users\/1182"}],"replies":[{"embeddable":true,"href":"https:\/\/www.sincomam.org.br\/index.php\/wp-json\/wp\/v2\/comments?post=22563"}],"version-history":[{"count":1,"href":"https:\/\/www.sincomam.org.br\/index.php\/wp-json\/wp\/v2\/posts\/22563\/revisions"}],"predecessor-version":[{"id":22564,"href":"https:\/\/www.sincomam.org.br\/index.php\/wp-json\/wp\/v2\/posts\/22563\/revisions\/22564"}],"wp:featuredmedia":[{"embeddable":true,"href":"https:\/\/www.sincomam.org.br\/index.php\/wp-json\/wp\/v2\/media\/22470"}],"wp:attachment":[{"href":"https:\/\/www.sincomam.org.br\/index.php\/wp-json\/wp\/v2\/media?parent=22563"}],"wp:term":[{"taxonomy":"category","embeddable":true,"href":"https:\/\/www.sincomam.org.br\/index.php\/wp-json\/wp\/v2\/categories?post=22563"},{"taxonomy":"post_tag","embeddable":true,"href":"https:\/\/www.sincomam.org.br\/index.php\/wp-json\/wp\/v2\/tags?post=22563"}],"curies":[{"name":"wp","href":"https:\/\/api.w.org\/{rel}","templated":true}]}}