{"id":22527,"date":"2017-02-07T00:15:51","date_gmt":"2017-02-07T02:15:51","guid":{"rendered":"http:\/\/www.sincomam.org.br\/?p=22527"},"modified":"2017-02-06T18:35:10","modified_gmt":"2017-02-06T20:35:10","slug":"moraes-confirma-propria-indicacao-ao-stf-em-mensagem-de-celular","status":"publish","type":"post","link":"https:\/\/www.sincomam.org.br\/index.php\/moraes-confirma-propria-indicacao-ao-stf-em-mensagem-de-celular\/","title":{"rendered":"Moraes confirma pr\u00f3pria indica\u00e7\u00e3o ao STF em mensagem de celular"},"content":{"rendered":"<p>O ministro da Justi\u00e7a e Seguran\u00e7a P\u00fablica, Alexandre de Moraes, confirmou em mensagem por celular a um interlocutor que o presidente Michel Temer ir\u00e1 anunciar sua indica\u00e7\u00e3o ao Supremo Tribunal Federal\u00a0nesta segunda-feira, em torno de 19h, conforme foto tirada por fot\u00f3grafo da Reuters durante cerim\u00f4nia no Pal\u00e1cio do Planalto.<\/p>\n<p>Fontes palacianas confirmam que o an\u00fancio deve ocorrer nesta segunda-feira.<\/p>\n<p>O ministro da Justi\u00e7a e Seguran\u00e7a P\u00fablica, Alexandre de Moraes, confirmou em mensagem por celular a um interlocutor que o presidente Michel Temer ir\u00e1 anunciar sua indica\u00e7\u00e3o ao Supremo Tribunal Federal\u00a0conforme foto tirada por fot\u00f3grafo da Reuters durante cerim\u00f4nia no Pal\u00e1cio do Planalto.<\/p>\n<p>N\u00e3o h\u00e1 decis\u00e3o, no entanto, com o que deve ser feito com o Minist\u00e9rio da Justi\u00e7a e Seguran\u00e7a P\u00fablica.<\/p>\n<p>Segundo uma das fontes, o PMDB, partido do presidente, tem reclamado da perda de espa\u00e7o para o PSDB, e a tend\u00eancia de Temer \u00e9 de entregar a pasta para seu partido. No entanto, h\u00e1 quem defenda que a pasta continue com os tucanos.<\/p>\n<p><span class=\"highlight\">Moraes\u00a0<\/span>passou a manh\u00e3 reunido com Temer e, em parte do encontro, com o ministro da Casa Civil, Eliseu Padilha.<span class=\"highlight\">\u00a0Moraes\u00a0<\/span>tinha agenda em S\u00e3o Paulo nesta manh\u00e3, mas cancelou e voltou na noite de domingo para Bras\u00edlia, ao ser chamado para uma reuni\u00e3o com o presidente.<\/p>\n<p>Depois da cerim\u00f4nia de an\u00fancio de mudan\u00e7as no programa Minha Casa, Minha Vida, em que foi fotografado,<span class=\"highlight\">\u00a0Moraes\u00a0<\/span>voltou ao gabinete presidencial, no terceiro andar.<\/p>\n<p>Temer teve v\u00e1rios encontros no final de semana para discutir a nomea\u00e7\u00e3o do novo ministro do STF.<\/p>\n<p>O presidente havia anunciado que s\u00f3 tomaria uma decis\u00e3o depois da indica\u00e7\u00e3o do novo relator da opera\u00e7\u00e3o Lava Jato, para mostrar que n\u00e3o iria interferir nas investiga\u00e7\u00f5es. Com o sorteio de Edson Fachin para a relatoria na semana passada, Temer decidiu acelerar a indica\u00e7\u00e3o.<\/p>\n<p>A resist\u00eancia a<span class=\"highlight\">\u00a0Moraes\u00a0<\/span>devia-se ao fato de o ministro ser filiado ao PSDB e ter liga\u00e7\u00f5es pol\u00edticas fortes com o governador de S\u00e3o Paulo, Geraldo Alckmim \u2013poss\u00edvel candidato tucano a presidente em 2018. Inicialmente, Temer dizia preferir um perfil mais t\u00e9cnico e discreto, semelhante ao de Teori.<\/p>\n<p>De acordo com uma fonte palaciana, no entanto, h\u00e1 forte press\u00e3o da base por<span class=\"highlight\">Moraes<\/span>, que poderia ser um aliado do governo no Supremo.<\/p>\n<p>Com sua indica\u00e7\u00e3o, o presidente ter\u00e1 que enfrentar o desgaste de nomear algu\u00e9m com la\u00e7os partid\u00e1rios.<\/p>\n<p>A avalia\u00e7\u00e3o, no entanto, \u00e9 que h\u00e1 precedentes como Gilmar Mendes, ex-advogado-geral da Uni\u00e3o de Fernando Henrique Cardoso, e Jos\u00e9 Dias Toffoli, que teve o mesmo cargo no governo de Luiz In\u00e1cio Lula da Silva e antes disso tinha sido advogado do PT.<\/p>\n<p><span class=\"highlight\">Moraes\u00a0<\/span>foi promotor de Justi\u00e7a, secret\u00e1rio de Seguran\u00e7a P\u00fablica e Secret\u00e1rio de Justi\u00e7a do Estado de S\u00e3o Paulo. Foi indicado para o Minist\u00e9rio da Justi\u00e7a e Cidadania por Alckmin, depois de Temer ter dificuldades em encontrar outros nomes para compor sua equipe.<\/p>\n<p>Na \u00faltima sexta-feira foi reempossado no minist\u00e9rio com as modifica\u00e7\u00f5es estruturais na pasta.<\/p>\n<p>Fonte: Exame<\/p>\n","protected":false},"excerpt":{"rendered":"<p>O ministro da Justi\u00e7a e Seguran\u00e7a P\u00fablica, Alexandre de Moraes, confirmou em mensagem por celular a um interlocutor que o presidente Michel Temer ir\u00e1 anunciar&#8230;<\/p>\n","protected":false},"author":1182,"featured_media":22528,"comment_status":"closed","ping_status":"closed","sticky":false,"template":"","format":"standard","meta":{"footnotes":""},"categories":[6],"tags":[],"class_list":["post-22527","post","type-post","status-publish","format-standard","has-post-thumbnail","hentry","category-noticias"],"_links":{"self":[{"href":"https:\/\/www.sincomam.org.br\/index.php\/wp-json\/wp\/v2\/posts\/22527","targetHints":{"allow":["GET"]}}],"collection":[{"href":"https:\/\/www.sincomam.org.br\/index.php\/wp-json\/wp\/v2\/posts"}],"about":[{"href":"https:\/\/www.sincomam.org.br\/index.php\/wp-json\/wp\/v2\/types\/post"}],"author":[{"embeddable":true,"href":"https:\/\/www.sincomam.org.br\/index.php\/wp-json\/wp\/v2\/users\/1182"}],"replies":[{"embeddable":true,"href":"https:\/\/www.sincomam.org.br\/index.php\/wp-json\/wp\/v2\/comments?post=22527"}],"version-history":[{"count":1,"href":"https:\/\/www.sincomam.org.br\/index.php\/wp-json\/wp\/v2\/posts\/22527\/revisions"}],"predecessor-version":[{"id":22529,"href":"https:\/\/www.sincomam.org.br\/index.php\/wp-json\/wp\/v2\/posts\/22527\/revisions\/22529"}],"wp:featuredmedia":[{"embeddable":true,"href":"https:\/\/www.sincomam.org.br\/index.php\/wp-json\/wp\/v2\/media\/22528"}],"wp:attachment":[{"href":"https:\/\/www.sincomam.org.br\/index.php\/wp-json\/wp\/v2\/media?parent=22527"}],"wp:term":[{"taxonomy":"category","embeddable":true,"href":"https:\/\/www.sincomam.org.br\/index.php\/wp-json\/wp\/v2\/categories?post=22527"},{"taxonomy":"post_tag","embeddable":true,"href":"https:\/\/www.sincomam.org.br\/index.php\/wp-json\/wp\/v2\/tags?post=22527"}],"curies":[{"name":"wp","href":"https:\/\/api.w.org\/{rel}","templated":true}]}}