{"id":22525,"date":"2017-02-07T00:21:21","date_gmt":"2017-02-07T02:21:21","guid":{"rendered":"http:\/\/www.sincomam.org.br\/?p=22525"},"modified":"2017-02-06T18:24:04","modified_gmt":"2017-02-06T20:24:04","slug":"minha-casa-agora-vale-para-familias-com-renda-de-ate-r-9-mil","status":"publish","type":"post","link":"https:\/\/www.sincomam.org.br\/index.php\/minha-casa-agora-vale-para-familias-com-renda-de-ate-r-9-mil\/","title":{"rendered":"Minha Casa agora vale para fam\u00edlias com renda de at\u00e9 R$ 9 mil"},"content":{"rendered":"<div class=\"mc-column content-text active-extra-styles active-capital-letter\" data-block-type=\"unstyled\" data-block-weight=\"34\">\n<p class=\"content-text__container theme-color-primary-first-letter\" data-track-category=\"Link no Texto\" data-track-links=\"\">O governo anunciou a amplia\u00e7\u00e3o do Minha Casa, Minha Vida. A partir de agora, poder\u00e3o aderia ao programa habitacional do governo federal fam\u00edlias com renda mensal de at\u00e9 R$ 9 mil.\u00a0<\/p>\n<\/div>\n<div class=\"mc-column content-text active-extra-styles \" data-block-type=\"unstyled\" data-block-weight=\"25\">\n<p class=\"content-text__container \" data-track-category=\"Link no Texto\" data-track-links=\"\">Antes dessa mudan\u00e7a, o limite de renda para uma fam\u00edlia ter direito a participar do MCVM era de R$ 6,5 mil por m\u00eas (faixa 3).\u00a0<\/p>\n<\/div>\n<div class=\"mc-column content-text active-extra-styles \" data-block-type=\"unstyled\" data-block-weight=\"21\">\n<p class=\"content-text__container \" data-track-category=\"Link no Texto\" data-track-links=\"\">O an\u00fancio foi feito pelo ministro das Cidades, Bruno Ara\u00fajo, durante cerim\u00f4nia no Pal\u00e1cio do Planalto comandada pelo presidente Michel Temer.\u00a0<\/p>\n<\/div>\n<div class=\"mc-column content-text active-extra-styles \" data-block-type=\"unstyled\" data-block-weight=\"27\">\n<p class=\"content-text__container \" data-track-category=\"Link no Texto\" data-track-links=\"\">Durante o evento, Ara\u00fajo disse que, com a amplia\u00e7\u00e3o da faixa de renda, o programa poder\u00e1 beneficiar mais fam\u00edlias.<\/p>\n<p><strong>Novas faixas de renda para financiamentos do MCMV:<\/strong><\/p>\n<\/div>\n<div class=\"mc-column content-text active-extra-styles\" data-block-type=\"raw\" data-block-weight=\"56\">\n<ul class=\"content-unordered-list\">\n<li>Faixa 1: para fam\u00edlias com renda mensal de at\u00e9 R$ 1,8 mil;<\/li>\n<li>Faixa 1,5: limite de renda mensal passa de R$ 2.350 para R$ 2,6 mil;<\/li>\n<li>Faixa 2: limite de renda mensal passa de R$ 3,6 mil para R$ 4 mil;<\/li>\n<li>Faixa 3: limite de renda mensal passa de R$ 6,5 mil para R$ 9 mil.<\/li>\n<\/ul>\n<\/div>\n<div class=\"mc-column content-text active-extra-styles\" data-block-type=\"raw\" data-block-weight=\"1\">\n<div class=\"content-intertitle\">\n<h2>Reajuste<\/h2>\n<\/div>\n<\/div>\n<div class=\"mc-column content-text active-extra-styles \" data-block-type=\"unstyled\" data-block-weight=\"42\">\n<p class=\"content-text__container \" data-track-category=\"Link no Texto\" data-track-links=\"\">O governo anunciou ainda nesta segunda o reajuste do valor da renda m\u00e1xima para outras faixas do programa. Para a faixa 1,5 do programa, a renda m\u00e1xima da fam\u00edlia, que era de R$ 2.350 ao m\u00eas, passa para R$ 2.600 ao m\u00eas.\u00a0<\/p>\n<\/div>\n<div class=\"mc-column content-text active-extra-styles \" data-block-type=\"unstyled\" data-block-weight=\"40\">\n<p class=\"content-text__container \" data-track-category=\"Link no Texto\" data-track-links=\"\">O governo tamb\u00e9m elevou o teto do valor dos im\u00f3veis que podem ser adquiridos dentro do Minha Casa, Minha Vida. No Distrito Federal, S\u00e3o Paulo e Rio de Janeiro, o valor passar\u00e1 de R$ 225 mil para R$ 240 mil.\u00a0<\/p>\n<\/div>\n<div class=\"mc-column content-text active-extra-styles \" data-block-type=\"unstyled\" data-block-weight=\"59\">\n<p class=\"content-text__container \" data-track-category=\"Link no Texto\" data-track-links=\"\">As novas regras passam a valer a partir da publica\u00e7\u00e3o da Resolu\u00e7\u00e3o do Conselho Curador do Fundo de Garantia por Tempo de Servi\u00e7o (FGTS). Antes da apresenta\u00e7\u00e3o do ministro Bruno Ara\u00fajo, o ministro do Trabalho, Ronaldo Nogueira, informou que o Conselho Curador do FGTS aprovou, em reuni\u00e3o extraordin\u00e1ria realizada na manh\u00e3 desta segunda-feira (6), a proposta encaminhada pelo governo.\u00a0<\/p>\n<\/div>\n<div class=\"mc-column content-text active-extra-styles\" data-block-type=\"raw\" data-block-weight=\"2\">\n<div class=\"content-intertitle\">\n<h2>Novas contrata\u00e7\u00f5es<\/h2>\n<\/div>\n<\/div>\n<div class=\"mc-column content-text active-extra-styles \" data-block-type=\"unstyled\" data-block-weight=\"49\">\n<p class=\"content-text__container \" data-track-category=\"Link no Texto\" data-track-links=\"\">O Minist\u00e9rio das Cidades anunciou tamb\u00e9m que tem como meta contratar 610 mil novas unidades habitacionais em todas as modalidades do MCMV em 2017. Na faixa 1, s\u00e3o 100 mil unidades no Fundo de Arrendamento Residencial (FAR), 35 mil na modalidade &#8220;Entidades Urbanas&#8221; e outras 35 mil na &#8220;Rural&#8221;.\u00a0<\/p>\n<\/div>\n<div class=\"mc-column content-text active-extra-styles \" data-block-type=\"unstyled\" data-block-weight=\"24\">\n<p class=\"content-text__container \" data-track-category=\"Link no Texto\" data-track-links=\"\">Para as faixas 2 e 3 est\u00e1 prevista a contrata\u00e7\u00e3o de 400 mil unidades habitacionais. J\u00e1 para a faixa 1,5 ser\u00e3o 40 mil moradias.\u00a0<\/p>\n<\/div>\n<div class=\"mc-column content-text active-extra-styles\" data-block-type=\"raw\" data-block-weight=\"2\">\n<div class=\"content-intertitle\">\n<h2><strong>Cen\u00e1rio econ\u00f4mico<\/strong><\/h2>\n<\/div>\n<\/div>\n<div class=\"mc-column content-text active-extra-styles \" data-block-type=\"unstyled\" data-block-weight=\"37\">\n<p class=\"content-text__container \" data-track-category=\"Link no Texto\" data-track-links=\"\">Durante o evento desta segunda, o presidente Michel Temer falou sobre o cen\u00e1rio econ\u00f4mico e disse que a crise que deixou o pa\u00eds \u201cbastante abatido\u201d nos \u00faltimos anos d\u00e1 lugar a um clima de \u201cotimismo e confian\u00e7a\u201d.\u00a0<\/p>\n<\/div>\n<div class=\"mc-column content-text active-extra-styles \" data-block-type=\"unstyled\" data-block-weight=\"20\">\n<p class=\"content-text__container \" data-track-category=\"Link no Texto\" data-track-links=\"\">Temer citou, ainda, a emenda constitucional aprovada no Congresso no ano passado que estabelece um limite para os gastos p\u00fablicos.\u00a0<\/p>\n<\/div>\n<div class=\"mc-column content-text active-extra-styles \" data-block-type=\"unstyled\" data-block-weight=\"46\">\n<p class=\"content-text__container \" data-track-category=\"Link no Texto\" data-track-links=\"\">\u00c0 plateia, o presidente avaliou que a economia se recupera \u201csuavemente\u201d e que \u201ctomar\u00e1 rumo\u201d no segundo semestre.<\/p>\n<p>\u201cEm 2017, com a valiosa contribui\u00e7\u00e3o de todos, o pa\u00eds vai derrotar a recess\u00e3o e gerar empregos. As condi\u00e7\u00f5es para a virada est\u00e3o reunidas, basta que trabalhemos\u201d, acrescentou.<\/p>\n<p>Fonte: G1<\/p>\n<\/div>\n","protected":false},"excerpt":{"rendered":"<p>O governo anunciou a amplia\u00e7\u00e3o do Minha Casa, Minha Vida. A partir de agora, poder\u00e3o aderia ao programa habitacional do governo federal fam\u00edlias com renda&#8230;<\/p>\n","protected":false},"author":1182,"featured_media":17978,"comment_status":"closed","ping_status":"closed","sticky":false,"template":"","format":"standard","meta":{"footnotes":""},"categories":[6],"tags":[],"class_list":["post-22525","post","type-post","status-publish","format-standard","has-post-thumbnail","hentry","category-noticias"],"_links":{"self":[{"href":"https:\/\/www.sincomam.org.br\/index.php\/wp-json\/wp\/v2\/posts\/22525","targetHints":{"allow":["GET"]}}],"collection":[{"href":"https:\/\/www.sincomam.org.br\/index.php\/wp-json\/wp\/v2\/posts"}],"about":[{"href":"https:\/\/www.sincomam.org.br\/index.php\/wp-json\/wp\/v2\/types\/post"}],"author":[{"embeddable":true,"href":"https:\/\/www.sincomam.org.br\/index.php\/wp-json\/wp\/v2\/users\/1182"}],"replies":[{"embeddable":true,"href":"https:\/\/www.sincomam.org.br\/index.php\/wp-json\/wp\/v2\/comments?post=22525"}],"version-history":[{"count":1,"href":"https:\/\/www.sincomam.org.br\/index.php\/wp-json\/wp\/v2\/posts\/22525\/revisions"}],"predecessor-version":[{"id":22526,"href":"https:\/\/www.sincomam.org.br\/index.php\/wp-json\/wp\/v2\/posts\/22525\/revisions\/22526"}],"wp:featuredmedia":[{"embeddable":true,"href":"https:\/\/www.sincomam.org.br\/index.php\/wp-json\/wp\/v2\/media\/17978"}],"wp:attachment":[{"href":"https:\/\/www.sincomam.org.br\/index.php\/wp-json\/wp\/v2\/media?parent=22525"}],"wp:term":[{"taxonomy":"category","embeddable":true,"href":"https:\/\/www.sincomam.org.br\/index.php\/wp-json\/wp\/v2\/categories?post=22525"},{"taxonomy":"post_tag","embeddable":true,"href":"https:\/\/www.sincomam.org.br\/index.php\/wp-json\/wp\/v2\/tags?post=22525"}],"curies":[{"name":"wp","href":"https:\/\/api.w.org\/{rel}","templated":true}]}}