{"id":22515,"date":"2017-02-06T09:14:44","date_gmt":"2017-02-06T11:14:44","guid":{"rendered":"http:\/\/www.sincomam.org.br\/?p=22515"},"modified":"2017-02-06T09:32:14","modified_gmt":"2017-02-06T11:32:14","slug":"previsao-do-mercado-para-inflacao-em-2017-se-aproxima-da-meta","status":"publish","type":"post","link":"https:\/\/www.sincomam.org.br\/index.php\/previsao-do-mercado-para-inflacao-em-2017-se-aproxima-da-meta\/","title":{"rendered":"Previs\u00e3o do mercado para infla\u00e7\u00e3o em 2017 se aproxima da meta"},"content":{"rendered":"<p>A expectativa para a infla\u00e7\u00e3o este ano se aproximou ainda mais do centro da meta, de acordo com as proje\u00e7\u00f5es de economistas na pesquisa Focys\u00a0do Banco Central, mas pioraram ligeiramente a perspectiva econ\u00f4mica para 2017.<\/p>\n<p>A proje\u00e7\u00e3o para a alta do IPCA este ano no levantamento divulgado nesta segunda-feira caiu 0,06 ponto percentual e chegou a 4,64 por cento, marcando a quinta redu\u00e7\u00e3o seguida.<\/p>\n<p>Para o pr\u00f3ximo ano, a mediana das proje\u00e7\u00f5es aponta infla\u00e7\u00e3o de 4,5 por cento, sem altera\u00e7\u00e3o pela 28\u00aa semana seguida. A meta de infla\u00e7\u00e3o de 2017 e 2018 \u00e9 de 4,5 por cento, com margem de toler\u00e2ncia de 1,5 ponto percentual.<\/p>\n<p>Entretanto, as contas para a expans\u00e3o do Produto Interno Bruto (PIB) em 2017 foram reduzidas a 0,49 por cento, sobre 0,50 por cento anteriormente, depois de cinco semanas sem mudan\u00e7as. Por outro lado, a proje\u00e7\u00e3o para o ano que vem melhorou a uma expans\u00e3o de 2,25 por cento, 0,05 ponto a mais.<\/p>\n<p>Isso apesar da perspectiva de que a taxa b\u00e1sica de juros ir\u00e1 abaixo de 10 por cento este ano e ficar\u00e1 ainda mais baixa no final de 2018.<\/p>\n<p>Os especialistas consultados continuam vendo na reuni\u00e3o de fevereiro do BCcorte de 0,75 ponto percentual na Selic, atualmente em 13 por cento. A expectativa \u00e9 que a Selic encerre 2017 a 9,50 por cento e 2018 a 9,0 por cento, sem altera\u00e7\u00f5es sobre o levantamento anterior.<\/p>\n<p>J\u00e1 o Top-5, que re\u00fane as institui\u00e7\u00f5es que mais acertam as proje\u00e7\u00f5es, calcula a Selic a 9,5 por cento em ambos os anos.<\/p>\n","protected":false},"excerpt":{"rendered":"<p>A expectativa para a infla\u00e7\u00e3o este ano se aproximou ainda mais do centro da meta, de acordo com as proje\u00e7\u00f5es de economistas na pesquisa Focys\u00a0do&#8230;<\/p>\n","protected":false},"author":1182,"featured_media":18713,"comment_status":"closed","ping_status":"closed","sticky":false,"template":"","format":"standard","meta":{"footnotes":""},"categories":[6],"tags":[],"class_list":["post-22515","post","type-post","status-publish","format-standard","has-post-thumbnail","hentry","category-noticias"],"_links":{"self":[{"href":"https:\/\/www.sincomam.org.br\/index.php\/wp-json\/wp\/v2\/posts\/22515","targetHints":{"allow":["GET"]}}],"collection":[{"href":"https:\/\/www.sincomam.org.br\/index.php\/wp-json\/wp\/v2\/posts"}],"about":[{"href":"https:\/\/www.sincomam.org.br\/index.php\/wp-json\/wp\/v2\/types\/post"}],"author":[{"embeddable":true,"href":"https:\/\/www.sincomam.org.br\/index.php\/wp-json\/wp\/v2\/users\/1182"}],"replies":[{"embeddable":true,"href":"https:\/\/www.sincomam.org.br\/index.php\/wp-json\/wp\/v2\/comments?post=22515"}],"version-history":[{"count":1,"href":"https:\/\/www.sincomam.org.br\/index.php\/wp-json\/wp\/v2\/posts\/22515\/revisions"}],"predecessor-version":[{"id":22516,"href":"https:\/\/www.sincomam.org.br\/index.php\/wp-json\/wp\/v2\/posts\/22515\/revisions\/22516"}],"wp:featuredmedia":[{"embeddable":true,"href":"https:\/\/www.sincomam.org.br\/index.php\/wp-json\/wp\/v2\/media\/18713"}],"wp:attachment":[{"href":"https:\/\/www.sincomam.org.br\/index.php\/wp-json\/wp\/v2\/media?parent=22515"}],"wp:term":[{"taxonomy":"category","embeddable":true,"href":"https:\/\/www.sincomam.org.br\/index.php\/wp-json\/wp\/v2\/categories?post=22515"},{"taxonomy":"post_tag","embeddable":true,"href":"https:\/\/www.sincomam.org.br\/index.php\/wp-json\/wp\/v2\/tags?post=22515"}],"curies":[{"name":"wp","href":"https:\/\/api.w.org\/{rel}","templated":true}]}}