{"id":22508,"date":"2017-02-08T00:24:40","date_gmt":"2017-02-08T02:24:40","guid":{"rendered":"http:\/\/www.sincomam.org.br\/?p=22508"},"modified":"2017-02-07T23:38:02","modified_gmt":"2017-02-08T01:38:02","slug":"porto-de-parintins-e-reaberto-com-autorizacao-da-marinha","status":"publish","type":"post","link":"https:\/\/www.sincomam.org.br\/index.php\/porto-de-parintins-e-reaberto-com-autorizacao-da-marinha\/","title":{"rendered":"Porto de Parintins \u00e9 reaberto com autoriza\u00e7\u00e3o da Marinha"},"content":{"rendered":"<p>A Marinha do Brasil autorizou a reabertura do Terminal Hidrovi\u00e1rio de Parintins. A libera\u00e7\u00e3o foi emitida atrav\u00e9s da portaria de coloca\u00e7\u00e3o de tr\u00e1fego do porto depois que o Departamento Nacional de Infraestrutura de Transportes (Dnit), Administra\u00e7\u00e3o das Hidrovias da Amaz\u00f4nia Ocidental (AHIMOC)\u00a0e Prefeitura de Parintins cumprirem todas as exig\u00eancias feitas pela Capitania dos Portos.<\/p>\n<p>Ap\u00f3s a reabertura, a primeira embarca\u00e7\u00e3o a utilizar o porto para desembarque foi a lancha Estrela de Nazar\u00e9, trazendo entre os passageiros o prefeito Bi Garcia e o vice-prefeito Tony Medeiros.<\/p>\n<p>Presente durante o an\u00fancio da libera\u00e7\u00e3o por parte da Capitania, o secret\u00e1rio municipal de Obras, Mateus Assayag, falou sobre a\u00a0import\u00e2ncia da reabertura do terminal portu\u00e1rio. \u201cCom certeza volta a principal porta de entrada e sa\u00edda dos parintinense e dos visitantes que diariamente visitam a nossa cidade. \u00c9 uma satisfa\u00e7\u00e3o porque fizemos parte dessa luta, fizemos parte dessa for\u00e7a tarefa juntamente com todos os \u00f3rg\u00e3os envolvidos para que hoje esteja aberto com todas as opera\u00e7\u00f5es\u201d, disse.<\/p>\n<p>Com a finaliza\u00e7\u00e3o da reforma que elevou as treli\u00e7as do porto e corre\u00e7\u00e3o das pend\u00eancias constatadas, todas as opera\u00e7\u00f5es de embarque e desembarque no porto est\u00e3o liberadas pela Capitania dos Portos.<\/p>\n<p>Fonte: Portal da Amaz\u00f4nia<\/p>\n","protected":false},"excerpt":{"rendered":"<p>A Marinha do Brasil autorizou a reabertura do Terminal Hidrovi\u00e1rio de Parintins. A libera\u00e7\u00e3o foi emitida atrav\u00e9s da portaria de coloca\u00e7\u00e3o de tr\u00e1fego do porto&#8230;<\/p>\n","protected":false},"author":1182,"featured_media":22509,"comment_status":"closed","ping_status":"closed","sticky":false,"template":"","format":"standard","meta":{"footnotes":""},"categories":[6],"tags":[],"class_list":["post-22508","post","type-post","status-publish","format-standard","has-post-thumbnail","hentry","category-noticias"],"_links":{"self":[{"href":"https:\/\/www.sincomam.org.br\/index.php\/wp-json\/wp\/v2\/posts\/22508","targetHints":{"allow":["GET"]}}],"collection":[{"href":"https:\/\/www.sincomam.org.br\/index.php\/wp-json\/wp\/v2\/posts"}],"about":[{"href":"https:\/\/www.sincomam.org.br\/index.php\/wp-json\/wp\/v2\/types\/post"}],"author":[{"embeddable":true,"href":"https:\/\/www.sincomam.org.br\/index.php\/wp-json\/wp\/v2\/users\/1182"}],"replies":[{"embeddable":true,"href":"https:\/\/www.sincomam.org.br\/index.php\/wp-json\/wp\/v2\/comments?post=22508"}],"version-history":[{"count":1,"href":"https:\/\/www.sincomam.org.br\/index.php\/wp-json\/wp\/v2\/posts\/22508\/revisions"}],"predecessor-version":[{"id":22510,"href":"https:\/\/www.sincomam.org.br\/index.php\/wp-json\/wp\/v2\/posts\/22508\/revisions\/22510"}],"wp:featuredmedia":[{"embeddable":true,"href":"https:\/\/www.sincomam.org.br\/index.php\/wp-json\/wp\/v2\/media\/22509"}],"wp:attachment":[{"href":"https:\/\/www.sincomam.org.br\/index.php\/wp-json\/wp\/v2\/media?parent=22508"}],"wp:term":[{"taxonomy":"category","embeddable":true,"href":"https:\/\/www.sincomam.org.br\/index.php\/wp-json\/wp\/v2\/categories?post=22508"},{"taxonomy":"post_tag","embeddable":true,"href":"https:\/\/www.sincomam.org.br\/index.php\/wp-json\/wp\/v2\/tags?post=22508"}],"curies":[{"name":"wp","href":"https:\/\/api.w.org\/{rel}","templated":true}]}}