{"id":22475,"date":"2017-02-03T00:03:36","date_gmt":"2017-02-03T02:03:36","guid":{"rendered":"http:\/\/www.sincomam.org.br\/?p=22475"},"modified":"2017-02-02T19:45:19","modified_gmt":"2017-02-02T21:45:19","slug":"moro-decide-e-ex-tesoureiro-do-pt-e-libertado","status":"publish","type":"post","link":"https:\/\/www.sincomam.org.br\/index.php\/moro-decide-e-ex-tesoureiro-do-pt-e-libertado\/","title":{"rendered":"Moro decide, e ex-tesoureiro do PT \u00e9 libertado"},"content":{"rendered":"<p>O ex-tesoureiro do Partido dos Trabalhadores Paulo Ferreira deixou a penitenci\u00e1ria 2 de Trememb\u00e9 \u00e0s 17h20 desta quinta-feira (2). Ele estava preso na unidade, que fica no interior de S\u00e3o Paulo, desde junho de 2016, e deixou o pres\u00eddio ap\u00f3s o juiz S\u00e9rgio Moro autorizar a sa\u00edda.<\/p>\n<p>Apesar de ter oficialmente deixado a unidade &#8211; ap\u00f3s ter recebido o alvar\u00e1 de soltura e ter cumprido os procedimentos de libera\u00e7\u00e3o impostos pelo sistema prisional &#8211; at\u00e9 por volta das 18h Ferreira aguardava uma carona para ir embora para casa em uma \u00e1rea interna do pres\u00eddio Doutor Jos\u00e9 Augusto C\u00e9sar Salgado (P2 de Trememb\u00e9).<\/p>\n<p>O ex-tesoureiro do PT estava preso h\u00e1 sete meses no pres\u00eddio, conhecido por abrigar presos de casos considerados de grande repercuss\u00e3o, como os irm\u00e3os Cravinhos, condenados pela morte dos pais de Suzane Richthofen, e Alexandre Nardoni, condenado pela morte da filha Isabela.<\/p>\n<p><strong>R\u00e9u<\/strong><br \/>Ferreira \u00e9 r\u00e9u no processo que apura irregularidades nas obras do Centro de Pesquisas e Desenvolvimento Leopoldo Am\u00e9rico Miguez de Mello (Cenpes), da Petrobras, no Rio de Janeiro. A den\u00fancia cita os crimes de lavagem de dinheiro e corrup\u00e7\u00e3o.<\/p>\n<p>A fian\u00e7a foi inicialmente estipulada em R$ 1 milh\u00e3o. Ap\u00f3s pedidos de reconsidera\u00e7\u00e3o feitos pela defesa, o valor foi reduzido para R$ 200 mil pela ju\u00edza Gabriela Hardt.<\/p>\n<p>Mesmo com a redu\u00e7\u00e3o do valor da fian\u00e7a, foi alegado que Ferreira estava com dificuldades financeiras para pagar os R$ 200 mil. Ele ainda n\u00e3o pagou valor total da fian\u00e7a. Moro deu o prazo de 45 dias para que se deposite os R$ 24.988 restantes.<\/p>\n<p>Moro destacou que o argumento da defesa \u2013 de dificuldades financeiras \u2013 \u00e9 discut\u00edvel. &#8220;Ele mesmo admitiu ter recebido valores vultosos&#8221;, diz o termo de audi\u00eancia.<\/p>\n<p>Segundo o documento, Ferreira j\u00e1 fez o pagamento de R$ 158.770,55, mais R$ 6.241,45, al\u00e9m de ofertar um carro ano 2012\/2013.<\/p>\n<p>Ferreira foi detido durante a Opera\u00e7\u00e3o Custo Brasil, derivada da Lava Jato, e permaneceu na cadeia ap\u00f3s Moro determinar uma nova pris\u00e3o, na 31\u00aa fase da Lava Jato.<\/p>\n<p>Fonte: Exame<\/p>\n","protected":false},"excerpt":{"rendered":"<p>O ex-tesoureiro do Partido dos Trabalhadores Paulo Ferreira deixou a penitenci\u00e1ria 2 de Trememb\u00e9 \u00e0s 17h20 desta quinta-feira (2). Ele estava preso na unidade, que&#8230;<\/p>\n","protected":false},"author":1182,"featured_media":18842,"comment_status":"closed","ping_status":"closed","sticky":false,"template":"","format":"standard","meta":{"footnotes":""},"categories":[6],"tags":[],"class_list":["post-22475","post","type-post","status-publish","format-standard","has-post-thumbnail","hentry","category-noticias"],"_links":{"self":[{"href":"https:\/\/www.sincomam.org.br\/index.php\/wp-json\/wp\/v2\/posts\/22475","targetHints":{"allow":["GET"]}}],"collection":[{"href":"https:\/\/www.sincomam.org.br\/index.php\/wp-json\/wp\/v2\/posts"}],"about":[{"href":"https:\/\/www.sincomam.org.br\/index.php\/wp-json\/wp\/v2\/types\/post"}],"author":[{"embeddable":true,"href":"https:\/\/www.sincomam.org.br\/index.php\/wp-json\/wp\/v2\/users\/1182"}],"replies":[{"embeddable":true,"href":"https:\/\/www.sincomam.org.br\/index.php\/wp-json\/wp\/v2\/comments?post=22475"}],"version-history":[{"count":1,"href":"https:\/\/www.sincomam.org.br\/index.php\/wp-json\/wp\/v2\/posts\/22475\/revisions"}],"predecessor-version":[{"id":22476,"href":"https:\/\/www.sincomam.org.br\/index.php\/wp-json\/wp\/v2\/posts\/22475\/revisions\/22476"}],"wp:featuredmedia":[{"embeddable":true,"href":"https:\/\/www.sincomam.org.br\/index.php\/wp-json\/wp\/v2\/media\/18842"}],"wp:attachment":[{"href":"https:\/\/www.sincomam.org.br\/index.php\/wp-json\/wp\/v2\/media?parent=22475"}],"wp:term":[{"taxonomy":"category","embeddable":true,"href":"https:\/\/www.sincomam.org.br\/index.php\/wp-json\/wp\/v2\/categories?post=22475"},{"taxonomy":"post_tag","embeddable":true,"href":"https:\/\/www.sincomam.org.br\/index.php\/wp-json\/wp\/v2\/tags?post=22475"}],"curies":[{"name":"wp","href":"https:\/\/api.w.org\/{rel}","templated":true}]}}