{"id":22472,"date":"2017-02-03T00:01:31","date_gmt":"2017-02-03T02:01:31","guid":{"rendered":"http:\/\/www.sincomam.org.br\/?p=22472"},"modified":"2017-02-02T19:33:18","modified_gmt":"2017-02-02T21:33:18","slug":"dona-marisa-fica-sem-fluxo-cerebral-e-familia-autoriza-doar-orgaos","status":"publish","type":"post","link":"https:\/\/www.sincomam.org.br\/index.php\/dona-marisa-fica-sem-fluxo-cerebral-e-familia-autoriza-doar-orgaos\/","title":{"rendered":"Dona Marisa fica sem fluxo cerebral, e fam\u00edlia autoriza doar \u00f3rg\u00e3os"},"content":{"rendered":"<div class=\"mc-column content-text active-extra-styles active-capital-letter\" data-block-type=\"unstyled\" data-block-weight=\"50\">\n<p class=\"content-text__container theme-color-primary-first-letter\" data-track-category=\"Link no Texto\" data-track-links=\"\">O Hospital S\u00edrio-Liban\u00eas divulgou boletim m\u00e9dico no qual informa que Dona Marisa Let\u00edcia, 66 anos, mulher do ex-presidente da Rep\u00fablica Luiz In\u00e1cio Lula da Silva\u00a0ficou sem fluxo cerebral. A fam\u00edlia j\u00e1 autorizou a doa\u00e7\u00e3o de \u00f3rg\u00e3os, segundo um post publicado na p\u00e1gina do Facebook do ex-presidente.\u00a0<\/p>\n<\/div>\n<div class=\"mc-column content-text active-extra-styles \" data-block-type=\"unstyled\" data-block-weight=\"61\">\n<p class=\"content-text__container \" data-track-category=\"Link no Texto\" data-track-links=\"\">&#8220;A fam\u00edlia Lula da Silva agradece todas as manifesta\u00e7\u00f5es de carinho e solidariedade recebidas nesses \u00faltimos 10 dias pela recupera\u00e7\u00e3o da ex-primeira-dama Dona Marisa Let\u00edcia Lula da Silva. A fam\u00edlia autorizou os procedimentos preparativos para a doa\u00e7\u00e3o dos \u00f3rg\u00e3os&#8221;, diz o post. Depois, a p\u00e1gina do Facebook do ex-presidente atualizou a foto de perfil e colocou uma imagem do casal sorrindo.\u00a0<\/p>\n<\/div>\n<div class=\"mc-column content-text active-extra-styles \" data-block-type=\"unstyled\" data-block-weight=\"23\">\n<p class=\"content-text__container \" data-track-category=\"Link no Texto\" data-track-links=\"\">O boletim informa que um doppler transcraniano realizado na na \u00faltima\u00a0quinta-feira identificou a aus\u00eancia de fluxo cerebral\u00a0<\/p>\n<\/div>\n<div class=\"mc-column content-text active-extra-styles \" data-block-type=\"unstyled\" data-block-weight=\"26\">\n<p class=\"content-text__container \" data-track-category=\"Link no Texto\" data-track-links=\"\">A mulher do ex-presidente Lula foi internada em 24 de janeiro, depois de ter sofrido um acidente vascular cerebral hemorr\u00e1gico provocado pelo rompimento de um aneurisma.\u00a0<\/p>\n<\/div>\n<div class=\"mc-column content-text active-extra-styles \" data-block-type=\"unstyled\" data-block-weight=\"45\">\n<p class=\"content-text__container \" data-track-category=\"Link no Texto\" data-track-links=\"\">Quando foi internada, Marisa passou por um procedimento de emerg\u00eancia que durou cerca de duas horas para conter a hemorragia no c\u00e9rebro. Os m\u00e9dicos fizeram uma arteriografia cerebral para localizar a les\u00e3o e depois introduziram um cateter at\u00e9 a regi\u00e3o afetada para estancar o sangramento.\u00a0<\/p>\n<\/div>\n<div class=\"mc-column content-text active-extra-styles \" data-block-type=\"unstyled\" data-block-weight=\"45\">\n<p class=\"content-text__container \" data-track-category=\"Link no Texto\" data-track-links=\"\">Na quarta-feira (25), Marisa Let\u00edcia teve de passar por outro procedimento cir\u00fargico. Desta vez, para a &#8220;passagem de um cateter ventricular para monitora\u00e7\u00e3o da press\u00e3o intracraniana&#8221;, como informou o hospital. A decis\u00e3o dos m\u00e9dicos ocorreu ap\u00f3s &#8220;avalia\u00e7\u00e3o tomogr\u00e1fica de cr\u00e2nio para controle de sangramento cerebral.\u00a0<\/p>\n<\/div>\n<div class=\"mc-column content-text active-extra-styles \" data-block-type=\"unstyled\" data-block-weight=\"83\">\n<p class=\"content-text__container \" data-track-category=\"Link no Texto\" data-track-links=\"\">Na sexta-feira (27), Dona Marisa passou por uma tomografia para verificar se tinha ocorrido melhora na infec\u00e7\u00e3o que havia se formado em seu c\u00e9rebro. Ela foi acomodada em uma cama t\u00e9rmica. Com o aux\u00edlio dela, os m\u00e9dicos conseguiram baixar a temperatura do corpo, que normalmente fica perto dos 35\u00b0C, para at\u00e9 25\u00b0C. O objetivo era diminuir o metabolismo e, junto com ele, a atividade cerebral, para que o c\u00e9rebro conseguisse absorver de forma mais r\u00e1pida o excesso de sangue acumulado na caixa craniana.\u00a0<\/p>\n<\/div>\n<div class=\"mc-column content-text active-extra-styles \" data-block-type=\"unstyled\" data-block-weight=\"36\">\n<p class=\"content-text__container \" data-track-category=\"Link no Texto\" data-track-links=\"\">Um exame realizado na segunda-feira (30) detectou a presen\u00e7a de trombose venosa profunda nas veias das pernas. Os m\u00e9dicos realizaram a passagem de um filtro de veia cava inferior para prevenir a ocorr\u00eancia de embolia pulmonar.\u00a0<\/p>\n<\/div>\n<div class=\"mc-column content-text active-extra-styles \" data-block-type=\"unstyled\" data-block-weight=\"38\">\n<p class=\"content-text__container \" data-track-category=\"Link no Texto\" data-track-links=\"\">Na ter\u00e7a (31), os m\u00e9dicos tiraram a seda\u00e7\u00e3o. Na quarta (1\u00ba), ela teve uma piora no seu quadro cl\u00ednico. A press\u00e3o intracraniana e a inflama\u00e7\u00e3o no c\u00e9rebro tinham aumentado.\u00a0<\/p>\n<\/div>\n<div class=\"mc-column content-text active-extra-styles\" data-block-type=\"raw\" data-block-weight=\"1\">\n<div class=\"content-intertitle\">\n<h2>Visitas<\/h2>\n<\/div>\n<\/div>\n<div class=\"mc-column content-text active-extra-styles \" data-block-type=\"unstyled\" data-block-weight=\"46\">\n<p class=\"content-text__container \" data-track-category=\"Link no Texto\" data-track-links=\"\">Depois da divulga\u00e7\u00e3o do boletim m\u00e9dico, amigos foram ao S\u00edrio-Liban\u00eas prestar solidariedade \u00e0 fam\u00edlia de Lula. O tamb\u00e9m ex-presidente Fernando Henrique Cardoso foi um dos que se encontraram com o petista. O encontro dos dois foi fotografado e as imagens, postadas nas redes sociais de Lula. \u00a0<\/p>\n<\/div>\n<div class=\"mc-column content-text active-extra-styles \" data-block-type=\"unstyled\" data-block-weight=\"33\">\n<p class=\"content-text__container \" data-track-category=\"Link no Texto\" data-track-links=\"\">Os senadores petistas Lindbergh Farias, Gleisi Hoffmann e Humberto Costa chegaram juntos e n\u00e3o quiseram falar com a imprensa. Depois, os ex-ministros Gilberto Carvalho, Celso Amorim e Eleonora Menicucci tamb\u00e9m entraram no hospital.\u00a0<\/p>\n<\/div>\n<div class=\"mc-column content-text active-extra-styles \" data-block-type=\"unstyled\" data-block-weight=\"40\">\n<p class=\"content-text__container \" data-track-category=\"Link no Texto\" data-track-links=\"\">O vereador Eduardo Suplicy ressaltou o companheirismo de Dona Marisa durante o casamento de mais de 40 anos com Lula: &#8220;Foi uma companheira das horas mais alegres e dif\u00edceis para que Lula pudesse colaborar com o Brasil&#8221;, disse o petista.\u00a0<\/p>\n<\/div>\n<div class=\"mc-column content-text active-extra-styles \" data-block-type=\"unstyled\" data-block-weight=\"25\">\n<p class=\"content-text__container \" data-track-category=\"Link no Texto\" data-track-links=\"\">Militantes do Partido dos Trabalhadores e da sindicalistas da CUT tamb\u00e9m prestaram homenagem \u00e0 ex-primeira-dama na porta do hospital. Eles colocaram rosas e fizeram ora\u00e7\u00f5es.\u00a0<\/p>\n<\/div>\n<div class=\"mc-column content-text active-extra-styles\" data-block-type=\"raw\" data-block-weight=\"2\">\n<div class=\"content-intertitle\">\n<h2>Boletim m\u00e9dico<\/h2>\n<\/div>\n<\/div>\n<div class=\"mc-column content-text active-extra-styles \" data-block-type=\"unstyled\" data-block-weight=\"25\">\n<p class=\"content-text__container \" data-track-category=\"Link no Texto\" data-track-links=\"\">Veja a \u00edntegra da nota divulgada \u00e0s 10h25 pelo Hospital S\u00edrio-Liban\u00eas e assinada pelos m\u00e9dicos Antonio Antonietto, diretor de governan\u00e7a cl\u00ednica, e Miguel Srougi, diretor-cl\u00ednico:\u00a0<\/p>\n<\/div>\n<div class=\"mc-column content-text active-extra-styles \" data-block-type=\"unstyled\" data-block-weight=\"28\">\n<p class=\"content-text__container \" data-track-category=\"Link no Texto\" data-track-links=\"\"><em>&#8220;A paciente Marisa Let\u00edcia Lula da Silva permanece inalterada na UTI do Hospital S\u00edrio-Liban\u00eas. Na manh\u00e3 de hoje, foi realizado Doppler transcraniano, sendo identificada aus\u00eancia de fluxo cerebral.<\/em><\/p>\n<\/div>\n<div class=\"mc-column content-text active-extra-styles \" data-block-type=\"unstyled\" data-block-weight=\"14\">\n<p class=\"content-text__container \" data-track-category=\"Link no Texto\" data-track-links=\"\"><em>Diante do resultado, com autoriza\u00e7\u00e3o da fam\u00edlia, foram iniciados procedimentos para doa\u00e7\u00e3o de \u00f3rg\u00e3os.<br \/><\/em><br \/>Fonte: G1<\/p>\n<\/div>\n","protected":false},"excerpt":{"rendered":"<p>O Hospital S\u00edrio-Liban\u00eas divulgou boletim m\u00e9dico no qual informa que Dona Marisa Let\u00edcia, 66 anos, mulher do ex-presidente da Rep\u00fablica Luiz In\u00e1cio Lula da Silva\u00a0ficou&#8230;<\/p>\n","protected":false},"author":1182,"featured_media":22473,"comment_status":"closed","ping_status":"closed","sticky":false,"template":"","format":"standard","meta":{"footnotes":""},"categories":[6],"tags":[],"class_list":["post-22472","post","type-post","status-publish","format-standard","has-post-thumbnail","hentry","category-noticias"],"_links":{"self":[{"href":"https:\/\/www.sincomam.org.br\/index.php\/wp-json\/wp\/v2\/posts\/22472","targetHints":{"allow":["GET"]}}],"collection":[{"href":"https:\/\/www.sincomam.org.br\/index.php\/wp-json\/wp\/v2\/posts"}],"about":[{"href":"https:\/\/www.sincomam.org.br\/index.php\/wp-json\/wp\/v2\/types\/post"}],"author":[{"embeddable":true,"href":"https:\/\/www.sincomam.org.br\/index.php\/wp-json\/wp\/v2\/users\/1182"}],"replies":[{"embeddable":true,"href":"https:\/\/www.sincomam.org.br\/index.php\/wp-json\/wp\/v2\/comments?post=22472"}],"version-history":[{"count":1,"href":"https:\/\/www.sincomam.org.br\/index.php\/wp-json\/wp\/v2\/posts\/22472\/revisions"}],"predecessor-version":[{"id":22474,"href":"https:\/\/www.sincomam.org.br\/index.php\/wp-json\/wp\/v2\/posts\/22472\/revisions\/22474"}],"wp:featuredmedia":[{"embeddable":true,"href":"https:\/\/www.sincomam.org.br\/index.php\/wp-json\/wp\/v2\/media\/22473"}],"wp:attachment":[{"href":"https:\/\/www.sincomam.org.br\/index.php\/wp-json\/wp\/v2\/media?parent=22472"}],"wp:term":[{"taxonomy":"category","embeddable":true,"href":"https:\/\/www.sincomam.org.br\/index.php\/wp-json\/wp\/v2\/categories?post=22472"},{"taxonomy":"post_tag","embeddable":true,"href":"https:\/\/www.sincomam.org.br\/index.php\/wp-json\/wp\/v2\/tags?post=22472"}],"curies":[{"name":"wp","href":"https:\/\/api.w.org\/{rel}","templated":true}]}}