{"id":22469,"date":"2017-02-03T00:27:57","date_gmt":"2017-02-03T02:27:57","guid":{"rendered":"http:\/\/www.sincomam.org.br\/?p=22469"},"modified":"2017-02-02T19:30:23","modified_gmt":"2017-02-02T21:30:23","slug":"citado-na-lava-jato-moreira-franco-e-nomeado-ministro","status":"publish","type":"post","link":"https:\/\/www.sincomam.org.br\/index.php\/citado-na-lava-jato-moreira-franco-e-nomeado-ministro\/","title":{"rendered":"Citado na Lava Jato, Moreira Franco \u00e9 nomeado ministro"},"content":{"rendered":"<p>O presidente Michel Temer resolveu criar mais duas pastas: O minist\u00e9rio dos Direitos Humanos e a Secretaria Geral. Esta \u00faltima ser\u00e1 ocupada pelo secret\u00e1rio-executivo do Programa Parcerias de Investimentos (PPI), Moreira Franco. A desembargadora aposentada Luislinda Valois, ligada ao PSDB, assumir\u00e1 o novo Minist\u00e9rio dos Direitos Humanos.\u00a0<\/p>\n<p>As mudan\u00e7as, anunciadas pelo porta-voz, Alexandre Parola, ser\u00e3o publicadas no Di\u00e1rio Oficial da Uni\u00e3o desta sexta-feira. Moreira Franco, citado em dela\u00e7\u00f5es da Odebrecht, passa a ter foro privilegiado. O trabalho que faz atualmente no PPI ser\u00e1 incorporado \u00e0 Secretaria Geral. Luislinda ser\u00e1 a segunda mulher e a primeira negra na Esplanada, sob Temer<\/p>\n<p>Por meio de seu porta-voz, Temer tamb\u00e9m confirmou Antonio Imbassahy para a Secretaria de Governo.\u00a0A partir de agora, o governo passa a ter 28 minist\u00e9rios. Horas antes de o governo anunciar o aumento do desenho ministerial, a redu\u00e7\u00e3o das pastas herdadas de Dilma foi citada no cap\u00edtulo de &#8220;moderniza\u00e7\u00e3o do Estado&#8221;.\u00a0<\/p>\n<p>&#8220;O n\u00famero de pastas foi reduzido de 39 para 26, criando assim condi\u00e7\u00f5es para a diminui\u00e7\u00e3o das despesas, sem comprometer a efici\u00eancia na presta\u00e7\u00e3o dos servi\u00e7os p\u00fablicos&#8221;, diz a mensagem ao Legislativo, enviada no come\u00e7o da tarde.<\/p>\n<p>Outra mudan\u00e7a anunciada \u00e9 na nomenclatura do Minist\u00e9rio da Justi\u00e7a, que passa a se chamar Minist\u00e9rio da Justi\u00e7a e Seguran\u00e7a P\u00fablica, sugest\u00e3o trazida no in\u00edcio da crise penitenci\u00e1ria pela bancada da bala, da C\u00e2mara, cuja sugest\u00e3o inicial foi a cria\u00e7\u00e3o de um minist\u00e9rio exclusivo para a Seguran\u00e7a P\u00fablica.<\/p>\n<p>A Secretaria Geral foi criada pelo ex-presidente Lula e extinta por Dilma Rousseff, no fim de 2015. Sob Temer, a Secretaria Geral abrigar\u00e1, al\u00e9m do PPI, a Secretaria de Comunica\u00e7\u00e3o (Secom), o cerimonial e a administra\u00e7\u00e3o da Presid\u00eancia da Rep\u00fablica.<\/p>\n<p>&#8211; Suas tarefas estar\u00e3o voltadas para dar apoio \u00e0s a\u00e7\u00f5es do Presidente da Rep\u00fablica e conferir maior agilidade ao funcionamento do Pal\u00e1cio do Planalto em suas a\u00e7\u00f5es de governo e de atua\u00e7\u00e3o presidencial_ disse o porta-voz sobre as novas atribui\u00e7\u00f5es de Moreira Franco.<\/p>\n<p>Luislinda Valois comandava, desde o in\u00edcio do governo Temer, em junho, a Secretaria de Promo\u00e7\u00e3o da Igualdade Racial (SEPPIR), subordinada ao Minist\u00e9rio da Justi\u00e7a. Segundo Temer, as mudan\u00e7as t\u00eam o &#8220;objetivo de aprimorar as condi\u00e7\u00f5es de governan\u00e7a, buscar maior efici\u00eancia e melhorar a gest\u00e3o p\u00fablica&#8221;.<\/p>\n<p>Temer tamb\u00e9m aproveitou para parabenizar o presidente da C\u00e2mara, Rodrigo Maia, pela reelei\u00e7\u00e3o.<\/p>\n<p>&#8211; O presidente parabeniza o deputado Rodrigo Maia pela expressiva vota\u00e7\u00e3o que obteve com ampla base partid\u00e1ria para continuar a comandar a C\u00e2mara dos Deputados. Aproveita para tamb\u00e9m congratular os demais candidatos &#8211; disse Temer por meio do porta-voz, Alexandre Parola.<\/p>\n<p>Fonte: Jornal O Globo<\/p>\n","protected":false},"excerpt":{"rendered":"<p>O presidente Michel Temer resolveu criar mais duas pastas: O minist\u00e9rio dos Direitos Humanos e a Secretaria Geral. Esta \u00faltima ser\u00e1 ocupada pelo secret\u00e1rio-executivo do&#8230;<\/p>\n","protected":false},"author":1182,"featured_media":22470,"comment_status":"closed","ping_status":"closed","sticky":false,"template":"","format":"standard","meta":{"footnotes":""},"categories":[6],"tags":[],"class_list":["post-22469","post","type-post","status-publish","format-standard","has-post-thumbnail","hentry","category-noticias"],"_links":{"self":[{"href":"https:\/\/www.sincomam.org.br\/index.php\/wp-json\/wp\/v2\/posts\/22469","targetHints":{"allow":["GET"]}}],"collection":[{"href":"https:\/\/www.sincomam.org.br\/index.php\/wp-json\/wp\/v2\/posts"}],"about":[{"href":"https:\/\/www.sincomam.org.br\/index.php\/wp-json\/wp\/v2\/types\/post"}],"author":[{"embeddable":true,"href":"https:\/\/www.sincomam.org.br\/index.php\/wp-json\/wp\/v2\/users\/1182"}],"replies":[{"embeddable":true,"href":"https:\/\/www.sincomam.org.br\/index.php\/wp-json\/wp\/v2\/comments?post=22469"}],"version-history":[{"count":1,"href":"https:\/\/www.sincomam.org.br\/index.php\/wp-json\/wp\/v2\/posts\/22469\/revisions"}],"predecessor-version":[{"id":22471,"href":"https:\/\/www.sincomam.org.br\/index.php\/wp-json\/wp\/v2\/posts\/22469\/revisions\/22471"}],"wp:featuredmedia":[{"embeddable":true,"href":"https:\/\/www.sincomam.org.br\/index.php\/wp-json\/wp\/v2\/media\/22470"}],"wp:attachment":[{"href":"https:\/\/www.sincomam.org.br\/index.php\/wp-json\/wp\/v2\/media?parent=22469"}],"wp:term":[{"taxonomy":"category","embeddable":true,"href":"https:\/\/www.sincomam.org.br\/index.php\/wp-json\/wp\/v2\/categories?post=22469"},{"taxonomy":"post_tag","embeddable":true,"href":"https:\/\/www.sincomam.org.br\/index.php\/wp-json\/wp\/v2\/tags?post=22469"}],"curies":[{"name":"wp","href":"https:\/\/api.w.org\/{rel}","templated":true}]}}