{"id":22466,"date":"2017-02-02T11:49:24","date_gmt":"2017-02-02T13:49:24","guid":{"rendered":"http:\/\/www.sincomam.org.br\/?p=22466"},"modified":"2017-02-02T11:49:24","modified_gmt":"2017-02-02T13:49:24","slug":"petrobras-discute-com-tcu-mudancas-no-programa-de-venda-de-ativos","status":"publish","type":"post","link":"https:\/\/www.sincomam.org.br\/index.php\/petrobras-discute-com-tcu-mudancas-no-programa-de-venda-de-ativos\/","title":{"rendered":"Petrobras discute com TCU mudan\u00e7as no programa de venda de ativos"},"content":{"rendered":"<p><span>O presidente da Petrobras, Pedro Parente, afirmou nesta quarta-feira (1\u00ba) em evento do Credit Suisse, em S\u00e3o Paulo, que a companhia j\u00e1 vem conversando com o Tribunal de Contas da Uni\u00e3o (TCU) a respeito da suspens\u00e3o do seu programa de venda de ativos e que j\u00e1 foram feitas propostas de mudan\u00e7as.<\/span><\/p>\n<p><span>\u201cTemos absoluta convic\u00e7\u00e3o de que isso \u00e9 tempor\u00e1rio\u201d, disse o executivo, para quem o di\u00e1logo com o \u00f3rg\u00e3o de controle \u00e9 bastante \u201cfluido\u201d. Ontem, a Justi\u00e7a Federal de Sergipe suspendeu a venda de Suape e da Citepe.<\/span><\/p>\n<p><span>Parente afirmou ainda que sua perman\u00eancia na presid\u00eancia da Petrobras n\u00e3o tem prazo. \u201cEstou comprometido\u201d, enfatizou, lembrando que \u00e9 uma decis\u00e3o que n\u00e3o depende dele.\u00a0\u201cTem coisas que dependem da gente e coisas que n\u00e3o dependem s\u00f3 da gente. No que depende de mim, eu n\u00e3o tenho prazo para sair\u201d.<\/span><\/p>\n<p><strong>Conte\u00fado local<\/strong><\/p>\n<p><span>Com a escala de encomendas e compras da Petrobras, Parente acredita que a companhia pode ajudar em uma boa pol\u00edtica de conte\u00fado local. \u201cMas n\u00e3o pode ser uma que gere atrasos ou puni\u00e7\u00f5es\u201d, disse. \u201cDentro de uma faixa razo\u00e1vel de custos, sou a favor.\u201d<\/span><\/p>\n<p><span>O tema \u00e9 fonte de pol\u00eamica no setor produtivo, j\u00e1 que fabricantes de m\u00e1quinas e equipamentos reclamam que atualmente as regras de conte\u00fado local do setor de \u00f3leo e g\u00e1s j\u00e1 n\u00e3o s\u00e3o cumpridas.<\/span><\/p>\n<p><span>Fonte: Valor<\/span><\/p>\n","protected":false},"excerpt":{"rendered":"<p>O presidente da Petrobras, Pedro Parente, afirmou nesta quarta-feira (1\u00ba) em evento do Credit Suisse, em S\u00e3o Paulo, que a companhia j\u00e1 vem conversando com&#8230;<\/p>\n","protected":false},"author":1182,"featured_media":20996,"comment_status":"closed","ping_status":"closed","sticky":false,"template":"","format":"standard","meta":{"footnotes":""},"categories":[6],"tags":[],"class_list":["post-22466","post","type-post","status-publish","format-standard","has-post-thumbnail","hentry","category-noticias"],"_links":{"self":[{"href":"https:\/\/www.sincomam.org.br\/index.php\/wp-json\/wp\/v2\/posts\/22466","targetHints":{"allow":["GET"]}}],"collection":[{"href":"https:\/\/www.sincomam.org.br\/index.php\/wp-json\/wp\/v2\/posts"}],"about":[{"href":"https:\/\/www.sincomam.org.br\/index.php\/wp-json\/wp\/v2\/types\/post"}],"author":[{"embeddable":true,"href":"https:\/\/www.sincomam.org.br\/index.php\/wp-json\/wp\/v2\/users\/1182"}],"replies":[{"embeddable":true,"href":"https:\/\/www.sincomam.org.br\/index.php\/wp-json\/wp\/v2\/comments?post=22466"}],"version-history":[{"count":1,"href":"https:\/\/www.sincomam.org.br\/index.php\/wp-json\/wp\/v2\/posts\/22466\/revisions"}],"predecessor-version":[{"id":22467,"href":"https:\/\/www.sincomam.org.br\/index.php\/wp-json\/wp\/v2\/posts\/22466\/revisions\/22467"}],"wp:featuredmedia":[{"embeddable":true,"href":"https:\/\/www.sincomam.org.br\/index.php\/wp-json\/wp\/v2\/media\/20996"}],"wp:attachment":[{"href":"https:\/\/www.sincomam.org.br\/index.php\/wp-json\/wp\/v2\/media?parent=22466"}],"wp:term":[{"taxonomy":"category","embeddable":true,"href":"https:\/\/www.sincomam.org.br\/index.php\/wp-json\/wp\/v2\/categories?post=22466"},{"taxonomy":"post_tag","embeddable":true,"href":"https:\/\/www.sincomam.org.br\/index.php\/wp-json\/wp\/v2\/tags?post=22466"}],"curies":[{"name":"wp","href":"https:\/\/api.w.org\/{rel}","templated":true}]}}