{"id":22464,"date":"2017-02-03T00:48:49","date_gmt":"2017-02-03T02:48:49","guid":{"rendered":"http:\/\/www.sincomam.org.br\/?p=22464"},"modified":"2017-02-03T10:52:13","modified_gmt":"2017-02-03T12:52:13","slug":"codesp-inicia-comemoracoes-do-aniversario-de-125-anos-do-porto-de-santos","status":"publish","type":"post","link":"https:\/\/www.sincomam.org.br\/index.php\/codesp-inicia-comemoracoes-do-aniversario-de-125-anos-do-porto-de-santos\/","title":{"rendered":"Codesp inicia comemora\u00e7\u00f5es do anivers\u00e1rio de 125 anos do Porto de Santos"},"content":{"rendered":"<p><span>A Companhia Docas do Estado de S\u00e3o Paulo (Codesp) inicia nesta quinta-feira (02 de fevereiro) as comemora\u00e7\u00f5es do anivers\u00e1rio de 125 Anos do Porto de Santos. A programa\u00e7\u00e3o, que se estender\u00e1 at\u00e9 o final do ano tem in\u00edcio com o lan\u00e7amento do projeto do Centro Integrado de Comando Operacional do Porto de Santos (Cicop), \u00e0s 10 horas.<\/span><\/p>\n<p><span>No per\u00edodo da tarde, o ministro dos Transportes, Portos e Avia\u00e7\u00e3o Civil, Maur\u00edcio Quintella Lessa, inaugura o Centro de Controle de Tr\u00e1fego de Embarca\u00e7\u00f5es, o Vessel Traffic Management Information System (VTMIS), \u00e0s 14h40, seguindo, ap\u00f3s, para a Codesp, onde reinaugura o audit\u00f3rio do edif\u00edcio-sede da presid\u00eancia da Codesp, \u00e0s 15 horas. Na sequ\u00eancia ocorre a cerim\u00f4nia de assinatura do contrato de dragagem de aprofundamento e adequa\u00e7\u00e3o do canal de acesso ao Porto de Santos pelo ministro Quintella.<\/span><\/p>\n<p><span>Ap\u00f3s a cerim\u00f4nia de assinatura, o ministro dos Transportes e o presidente da Codesp conceder\u00e3o entrevista coletiva \u00e0 imprensa, no local.<\/span><\/p>\n<p><span>O diretor presidente da Codesp, Alex Oliva, destaca a proje\u00e7\u00e3o que o Porto de Santos alcan\u00e7ou nos cen\u00e1rios nacional e internacional ao longo desses anos, \u201co que nos d\u00e1 motivos de sobra para comemorar esta data com toda a comunidade da Baixada Santista\u201d.<\/span><\/p>\n<p><span>A programa\u00e7\u00e3o desse dia se encerra com um jantar para representantes da comunidade portu\u00e1ria e autoridades da regi\u00e3o, que tamb\u00e9m estar\u00e3o prestigiando os demais eventos.<\/span><\/p>\n<p><span>Dentro das comemora\u00e7\u00f5es, ao longo do ano, ser\u00e1 reaberta a Pinacoteca Gaffr\u00e9e e Guinle, que faz parte do Complexo Cultural do Porto de Santos, juntamente com o Museu do Porto. A Pinacoteca foi inaugurada em 28 de janeiro de 1999 e recebeu esse nome em homenagem a C\u00e2ndido Gaffr\u00e9e e Eduardo Palassin Guinle, fundadores da CDS, empresa respons\u00e1vel pela constru\u00e7\u00e3o dos primeiros cais.<\/span><\/p>\n<p><span>O anivers\u00e1rio de 125 anos da entrega do primeiro trecho de 260 metros de cais constru\u00eddo pela ent\u00e3o Companhia Docas de Santos (CDS) \u00e9 marcado pela atraca\u00e7\u00e3o do navio &#8220;Nasmith&#8221;, de bandeira inglesa, da armadora Lamport &amp; Holt.<\/span><\/p>\n<p><span>A inaugura\u00e7\u00e3o desse trecho de cais, representando o in\u00edcio das opera\u00e7\u00f5es no porto organizado, ocorreu quatro anos ap\u00f3s a assinatura de contrato\u00a0 entre o governo do Imp\u00e9rio e um grupo de concession\u00e1rios para execu\u00e7\u00e3o e explora\u00e7\u00e3o das obras de melhoramento do Porto de Santos. O novo cais situava-se no trecho conhecido como Porto do Bispo.<\/span><\/p>\n<p><span>Coube ao Nasmith a distin\u00e7\u00e3o de inaugurar esse primeiro trecho de cais, fato que o fez entrar nos registros mar\u00edtimos hist\u00f3ricos. N\u00e3o era um navio excepcional, suas linhas eram t\u00edpicas das de\u00a0 um cargueiro com perfil baixo (apenas 2 conveses), casco alongado em linhas retas e sem superestrutura de popa. Ap\u00f3s longa estada em Santos, onde teria servido como embarca\u00e7\u00e3o de\u00a0 apoio \u00e0 constru\u00e7\u00e3o do cais, o navio zarpou, em janeiro de 1892,\u00a0 para o Rio de Janeiro, voltando a Santos no in\u00edcio de fevereiro, inaugurando o novo cais embarcando caf\u00e9 para\u00a0 a Europa.<\/span><\/p>\n<p><span>Locais dos eventos:<\/span><\/p>\n<p><span>10 horas &#8211; Lan\u00e7amento da pedra fundamental do Cicop &#8211; \u00e1rea ao lado das instala\u00e7\u00f5es do Corredor de Exporta\u00e7\u00f5es de Gr\u00e3os da Ponta da Praia e do Terminal Pesqueiro P\u00fablico de Santos;<\/span><\/p>\n<p><span>14h40 &#8211; Inaugura\u00e7\u00e3o do Centro de Controle do Tr\u00e1fego de Embarca\u00e7\u00f5es &#8211; Avenida Saldanha da Gama, pr\u00f3ximo ao Canal 7, no bairro da Ponta da Praia, em Santos\/SP, ao lado do p\u00eder da Praticagem;<\/span><\/p>\n<p><span>15 horas &#8211; Audit\u00f3rio do edif\u00edcio-sede da presid\u00eancia da Codesp &#8211; Avenida Conselheiro Rodrigues Alves, s\/n\u00ba, em frente ao n\u00famero 55, Port\u00e3o 23, bairro do Macuco, Santos\/SP.<\/span><\/p>\n<p><span>Fonte: A Tribuna<\/span><\/p>\n","protected":false},"excerpt":{"rendered":"<p>A Companhia Docas do Estado de S\u00e3o Paulo (Codesp) inicia nesta quinta-feira (02 de fevereiro) as comemora\u00e7\u00f5es do anivers\u00e1rio de 125 Anos do Porto de&#8230;<\/p>\n","protected":false},"author":1182,"featured_media":18514,"comment_status":"closed","ping_status":"closed","sticky":false,"template":"","format":"standard","meta":{"footnotes":""},"categories":[6],"tags":[],"class_list":["post-22464","post","type-post","status-publish","format-standard","has-post-thumbnail","hentry","category-noticias"],"_links":{"self":[{"href":"https:\/\/www.sincomam.org.br\/index.php\/wp-json\/wp\/v2\/posts\/22464","targetHints":{"allow":["GET"]}}],"collection":[{"href":"https:\/\/www.sincomam.org.br\/index.php\/wp-json\/wp\/v2\/posts"}],"about":[{"href":"https:\/\/www.sincomam.org.br\/index.php\/wp-json\/wp\/v2\/types\/post"}],"author":[{"embeddable":true,"href":"https:\/\/www.sincomam.org.br\/index.php\/wp-json\/wp\/v2\/users\/1182"}],"replies":[{"embeddable":true,"href":"https:\/\/www.sincomam.org.br\/index.php\/wp-json\/wp\/v2\/comments?post=22464"}],"version-history":[{"count":1,"href":"https:\/\/www.sincomam.org.br\/index.php\/wp-json\/wp\/v2\/posts\/22464\/revisions"}],"predecessor-version":[{"id":22465,"href":"https:\/\/www.sincomam.org.br\/index.php\/wp-json\/wp\/v2\/posts\/22464\/revisions\/22465"}],"wp:featuredmedia":[{"embeddable":true,"href":"https:\/\/www.sincomam.org.br\/index.php\/wp-json\/wp\/v2\/media\/18514"}],"wp:attachment":[{"href":"https:\/\/www.sincomam.org.br\/index.php\/wp-json\/wp\/v2\/media?parent=22464"}],"wp:term":[{"taxonomy":"category","embeddable":true,"href":"https:\/\/www.sincomam.org.br\/index.php\/wp-json\/wp\/v2\/categories?post=22464"},{"taxonomy":"post_tag","embeddable":true,"href":"https:\/\/www.sincomam.org.br\/index.php\/wp-json\/wp\/v2\/tags?post=22464"}],"curies":[{"name":"wp","href":"https:\/\/api.w.org\/{rel}","templated":true}]}}