{"id":22460,"date":"2017-02-02T00:16:28","date_gmt":"2017-02-02T02:16:28","guid":{"rendered":"http:\/\/www.sincomam.org.br\/?p=22460"},"modified":"2017-02-01T23:22:39","modified_gmt":"2017-02-02T01:22:39","slug":"deputado-jorge-picciani-pmdb-e-reeleito-para-a-presidencia-da-alerj","status":"publish","type":"post","link":"https:\/\/www.sincomam.org.br\/index.php\/deputado-jorge-picciani-pmdb-e-reeleito-para-a-presidencia-da-alerj\/","title":{"rendered":"Deputado Jorge Picciani (PMDB) \u00e9 reeleito para a presid\u00eancia da Alerj"},"content":{"rendered":"<div class=\"mc-column content-text active-extra-styles active-capital-letter\" data-block-type=\"unstyled\" data-block-weight=\"55\">\n<p class=\"content-text__container theme-color-primary-first-letter\" data-track-category=\"Link no Texto\" data-track-links=\"\">Em dia marcado por novos confrontos em protestos de servidores, o deputado estadual Jorge Picciani (PMDB) foi eleito, nesta quarta-feira (1), para a presid\u00eancia da Assembleia Legislativa do Rio (Alerj). Picciani foi reconduzido ao cargo com 64 votos a favor e seis contra. N\u00e3o houve absten\u00e7\u00e3o. Apenas o deputado Jair Bittencourt, de licen\u00e7a, n\u00e3o votou.\u00a0<\/p>\n<\/div>\n<div class=\"mc-column content-text active-extra-styles \" data-block-type=\"unstyled\" data-block-weight=\"30\">\n<p class=\"content-text__container \" data-track-category=\"Link no Texto\" data-track-links=\"\">Essa \u00e9 a sexta vez que o atual presidente da Casa ocupar\u00e1 o cargo. A chapa Unidade, de Picciani foi a \u00fanica a disputar a elei\u00e7\u00e3o. Veja a composi\u00e7\u00e3o completa:\u00a0<\/p>\n<\/div>\n<div class=\"mc-column content-text active-extra-styles \" data-block-type=\"unstyled\" data-block-weight=\"62\">\n<p class=\"content-text__container \" data-track-category=\"Link no Texto\" data-track-links=\"\"><strong>Presidente:\u00a0<\/strong>Jorge Picciani (PMDB)<br \/><strong>1\u00ba vice-presidente:<\/strong>\u00a0Wagner Montes (PRB)<br \/><strong>2\u00ba vice-presidente:\u00a0<\/strong>Andr\u00e9 Ceciliano (PT)<br \/><strong>3\u00ba vice-presidente:<\/strong>\u00a0J\u00e2nio Mendes (PDT)<br \/><strong>4\u00ba vice-presidente:<\/strong>\u00a0Marcus Vin\u00edcius (PTB)<br \/><strong>1\u00ba secret\u00e1rio:<\/strong>\u00a0Geraldo Pudim (PMDB)<br \/><strong>2\u00ba secret\u00e1rio:\u00a0<\/strong>Samuel Malafaia (DEM)<br \/><strong>3\u00ba secret\u00e1rio:<\/strong>\u00a0\u00c1tila Nunes (PMDB)<br \/><strong>4\u00ba secret\u00e1rio:<\/strong>\u00a0Pedro Augusto (PMDB)<br \/><strong>1\u00ba vogal:<\/strong>\u00a0Carlos Macedo (PRB)<br \/><strong>2\u00ba vogal:<\/strong>\u00a0Zito (PP)<br \/><strong>3\u00ba vogal:<\/strong>\u00a0Renato Cozzolino (PR)<br \/><strong>4\u00ba vogal:<\/strong>\u00a0Bebeto (PDT)\u00a0<\/p>\n<\/div>\n<div class=\"mc-column content-text active-extra-styles \" data-block-type=\"unstyled\" data-block-weight=\"21\">\n<p class=\"content-text__container \" data-track-category=\"Link no Texto\" data-track-links=\"\">Eleito para seu sexto mandato no comando da Alerj, Jorge Picciani (PMDB) procurou demonstrar confian\u00e7a na aprova\u00e7\u00e3o das medidas de ajustes.\u00a0<\/p>\n<\/div>\n<div class=\"mc-column content-text active-extra-styles \" data-block-type=\"unstyled\" data-block-weight=\"65\">\n<p class=\"content-text__container \" data-track-category=\"Link no Texto\" data-track-links=\"\">&#8220;O pacote de ajuda ao RJ foi muito bem elaborado pelo ministro Hentique Meirelles e pode representar uma sa\u00edda dessa crise. Agora os deputados v\u00e3o discutir e votar as medidas. Na ter\u00e7a-feira (7) pretendo pautar o projeto que trata da privatiza\u00e7\u00e3o da Cedae e o que autoriza o estado a tomar empr\u00e9stimos de R$ 3,5 bilh\u00f5es para acertar o calend\u00e1rio de pagamentos dos servidores&#8221;, afirmou.<\/p>\n<div class=\"mc-column content-text active-extra-styles \" data-block-type=\"unstyled\" data-block-weight=\"37\">\n<p class=\"content-text__container \" data-track-category=\"Link no Texto\" data-track-links=\"\">A recondu\u00e7\u00e3o de Picciani ao cargo foi uma das medidas adotadas pelos parlamentares para o in\u00edcio do ano do Legislativo do Rio. O dia tamb\u00e9m foi marcado pelo protesto dos servidores no in\u00edcio da tarde desta quarta.\u00a0<\/p>\n<\/div>\n<div class=\"mc-column content-text active-extra-styles \" data-block-type=\"unstyled\" data-block-weight=\"43\">\n<p class=\"content-text__container \" data-track-category=\"Link no Texto\" data-track-links=\"\">Um dos poucos votos contr\u00e1rios na elei\u00e7\u00e3o da mesa diretora da Alerj, Eliomar Coelho (PSOL) afirmou que a posi\u00e7\u00e3o da bancada \u00e9 de n\u00e3o ser instrumento de sustenta\u00e7\u00e3o pol\u00edtica de um governo que s\u00f3 quer sacrificar os servidores e o povo do estado.\u00a0<\/p>\n<\/div>\n<div class=\"mc-column content-text active-extra-styles \" data-block-type=\"unstyled\" data-block-weight=\"134\">\n<p class=\"content-text__container \" data-track-category=\"Link no Texto\" data-track-links=\"\">J\u00e1 Luiz Paulo (PSDB) diz que a bancada de seu partido \u00e9 contr\u00e1rio ao uso da Cedae como &#8220;moeda de troca&#8221; da ajuda financeira ao estado. &#8220;A Cedae n\u00e3o pode ser dada como garantia para novos empr\u00e9stimos, porque empr\u00e9stimo n\u00e3o \u00e9 solu\u00e7\u00e3o para a crise. E nem mesmo se sabe quanto a Cedae vale&#8221;, afirmou. Ele enfatiza que o PSDB votar\u00e1 contra o aumento das al\u00edquotas de previd\u00eancia do funcionalismo. &#8220;O governo tem \u00e9 que aumentar receitas e reduzir despesas, e por diversas vezes j\u00e1 apontamos caminhos para que isso seja feito&#8221;, criticou Luiz Paulo, destacando que a estrat\u00e9gia do governo \u00e9 obter novos empr\u00e9stimos, dando a Cedae como garantia, para esvaziar os protestos do funcionalismo. &#8220;Pagando os sal\u00e1rios, eles esvaziam o movimento e em seguida manda o pacote de reajustes de al\u00edquotas previdenci\u00e1rias.<\/p>\n<div class=\"mc-column content-text active-extra-styles \" data-block-type=\"unstyled\" data-block-weight=\"62\">\n<p class=\"content-text__container \" data-track-category=\"Link no Texto\" data-track-links=\"\"><strong>Protestos<\/strong><br \/>Os servidores estaduais entraram em confronto com a Pol\u00edcia Militar por volta das 14h desta quarta-feira (1\u00ba). A confus\u00e3o come\u00e7ou quando representantes de alguns sindicatos tentavam puxar a grade de prote\u00e7\u00e3o que cercava o pr\u00e9dio do Pal\u00e1cio Tiradentes. Os PMs atiravam bombas de efeito moral para afastar os manifestantes. Eles revidaram atirando pedras na dire\u00e7\u00e3o do policiais, como mostrou a Globonews.\u00a0<\/p>\n<\/div>\n<div class=\"mc-column content-text active-extra-styles \" data-block-type=\"unstyled\" data-block-weight=\"21\">\n<p class=\"content-text__container \" data-track-category=\"Link no Texto\" data-track-links=\"\">As imagens mostram que o grupo usou uma corda para tentar derrubar o cercado. Houve ainda depreda\u00e7\u00e3o de \u00f4nibus e lixeiras.\u00a0<\/p>\n<\/div>\n<div class=\"mc-column content-text active-extra-styles \" data-block-type=\"unstyled\" data-block-weight=\"38\">\n<p class=\"content-text__container \" data-track-category=\"Link no Texto\" data-track-links=\"\">Os manifestantes pedem, entre outras pautas, a regulariza\u00e7\u00e3o dos pagamentos. O tr\u00e2nsito na Rua Primeiro de Mar\u00e7o, foi bloqueado por volta das 13h e os manifestantes se espalharam ao longo da via. Um servidor ficou ferido no confronto.<\/p>\n<p>Fonte: G1<\/p>\n<\/div>\n<\/div>\n<\/div>\n","protected":false},"excerpt":{"rendered":"<p>Em dia marcado por novos confrontos em protestos de servidores, o deputado estadual Jorge Picciani (PMDB) foi eleito, nesta quarta-feira (1), para a presid\u00eancia da&#8230;<\/p>\n","protected":false},"author":1182,"featured_media":18116,"comment_status":"closed","ping_status":"closed","sticky":false,"template":"","format":"standard","meta":{"footnotes":""},"categories":[6],"tags":[],"class_list":["post-22460","post","type-post","status-publish","format-standard","has-post-thumbnail","hentry","category-noticias"],"_links":{"self":[{"href":"https:\/\/www.sincomam.org.br\/index.php\/wp-json\/wp\/v2\/posts\/22460","targetHints":{"allow":["GET"]}}],"collection":[{"href":"https:\/\/www.sincomam.org.br\/index.php\/wp-json\/wp\/v2\/posts"}],"about":[{"href":"https:\/\/www.sincomam.org.br\/index.php\/wp-json\/wp\/v2\/types\/post"}],"author":[{"embeddable":true,"href":"https:\/\/www.sincomam.org.br\/index.php\/wp-json\/wp\/v2\/users\/1182"}],"replies":[{"embeddable":true,"href":"https:\/\/www.sincomam.org.br\/index.php\/wp-json\/wp\/v2\/comments?post=22460"}],"version-history":[{"count":1,"href":"https:\/\/www.sincomam.org.br\/index.php\/wp-json\/wp\/v2\/posts\/22460\/revisions"}],"predecessor-version":[{"id":22461,"href":"https:\/\/www.sincomam.org.br\/index.php\/wp-json\/wp\/v2\/posts\/22460\/revisions\/22461"}],"wp:featuredmedia":[{"embeddable":true,"href":"https:\/\/www.sincomam.org.br\/index.php\/wp-json\/wp\/v2\/media\/18116"}],"wp:attachment":[{"href":"https:\/\/www.sincomam.org.br\/index.php\/wp-json\/wp\/v2\/media?parent=22460"}],"wp:term":[{"taxonomy":"category","embeddable":true,"href":"https:\/\/www.sincomam.org.br\/index.php\/wp-json\/wp\/v2\/categories?post=22460"},{"taxonomy":"post_tag","embeddable":true,"href":"https:\/\/www.sincomam.org.br\/index.php\/wp-json\/wp\/v2\/tags?post=22460"}],"curies":[{"name":"wp","href":"https:\/\/api.w.org\/{rel}","templated":true}]}}