{"id":22454,"date":"2017-02-02T00:40:53","date_gmt":"2017-02-02T02:40:53","guid":{"rendered":"http:\/\/www.sincomam.org.br\/?p=22454"},"modified":"2017-02-01T23:14:55","modified_gmt":"2017-02-02T01:14:55","slug":"carmen-lucia-vai-consultar-ministros-da-1a-turma-antes-de-sortear-relator-da-lava-jato","status":"publish","type":"post","link":"https:\/\/www.sincomam.org.br\/index.php\/carmen-lucia-vai-consultar-ministros-da-1a-turma-antes-de-sortear-relator-da-lava-jato\/","title":{"rendered":"C\u00e1rmen L\u00facia vai consultar ministros da 1\u00aa turma antes de sortear relator da Lava Jato"},"content":{"rendered":"<div class=\"mc-column content-text active-extra-styles active-capital-letter\" data-block-type=\"unstyled\" data-block-weight=\"43\">\n<p class=\"content-text__container theme-color-primary-first-letter\" data-track-category=\"Link no Texto\" data-track-links=\"\">A presidente do Supremo Tribunal Federal (STF), C\u00e1rmen L\u00facia, dever\u00e1 consultar quatro ministros da Primeira Turma do tribunal \u2013 Lu\u00eds Roberto Barroso, Luiz Fux, Marco Aur\u00e9lio Mello e Rosa Weber \u2013 antes de sortear o novo relator\u00a0da Opera\u00e7\u00e3o Lava Jato na Corte.\u00a0<\/p>\n<\/div>\n<div class=\"mc-column content-text active-extra-styles \" data-block-type=\"unstyled\" data-block-weight=\"71\">\n<p class=\"content-text__container \" data-track-category=\"Link no Texto\" data-track-links=\"\">O\u00a0ministro Edson Fachin, integrante da Primeira Turma, oficializou pedido para ir para a Segunda, que analisa os processos da Lava Jato. Ele j\u00e1 havia dito que se colocava a disposi\u00e7\u00e3o\u00a0para ser transferido. O ministro que se transferir para a Segunda Turma preencher\u00e1 a vaga deixada por Teori Zavascki, morto em acidente a\u00e9reo no \u00faltimo dia 19 e que era o relator da Lava Jato.\u00a0<\/p>\n<\/div>\n<div class=\"mc-column content-text active-extra-styles \" data-block-type=\"unstyled\" data-block-weight=\"43\">\n<p class=\"content-text__container \" data-track-category=\"Link no Texto\" data-track-links=\"\">C\u00e1rmen L\u00facia vai questionar os ministros que ficaram na Primeira Turma para saber se, al\u00e9m de Fachin, mais algum deles tem interesse de migrar para a Segunda. A presidente consultar\u00e1 os demais porque os ministros mais antigos t\u00eam sempre prefer\u00eancia para a troca.\u00a0<\/p>\n<\/div>\n<div class=\"mc-column content-text active-extra-styles \" data-block-type=\"unstyled\" data-block-weight=\"28\">\n<p class=\"content-text__container \" data-track-category=\"Link no Texto\" data-track-links=\"\">Na Primeira Turma, a ordem de prefer\u00eancia (do mais antigo para o mais novo) \u00e9: Marco Aur\u00e9lio Mello, Luiz Fux, Rosa Weber, Luiz Roberto Barroso e Edson Fachin.\u00a0<\/p>\n<\/div>\n<div class=\"mc-column content-text active-extra-styles \" data-block-type=\"unstyled\" data-block-weight=\"30\">\n<p class=\"content-text__container \" data-track-category=\"Link no Texto\" data-track-links=\"\">A ministra fez quest\u00e3o de que todos respondam \u00e0 consulta por of\u00edcio. Por isso, caso a resposta demore, o sorteio do novo relator pode ser adiado para esta quinta-feira (2).\u00a0<\/p>\n<\/div>\n<div class=\"mc-column content-text active-extra-styles \" data-block-type=\"unstyled\" data-block-weight=\"42\">\n<p class=\"content-text__container \" data-track-category=\"Link no Texto\" data-track-links=\"\">Caso Fachin seja o \u00fanico interessado, a transfer\u00eancia \u00e9 autorizada e s\u00f3 ent\u00e3o ser\u00e1 feito do novo relator da Lava Jato, em substitui\u00e7\u00e3o a Teori. O sorteio deve ser realizado com o quadro completo da Segunda Turma, j\u00e1 com o novo ministro.\u00a0<\/p>\n<\/div>\n<div class=\"mc-column content-text active-extra-styles \" data-block-type=\"unstyled\" data-block-weight=\"17\">\n<p class=\"content-text__container \" data-track-category=\"Link no Texto\" data-track-links=\"\">Atualmente fazem parte da turma os ministros Celso de Mello, Gilmar Mendes, Dias Toffoli e Ricardo Lewandowski.\u00a0<\/p>\n<\/div>\n<div class=\"mc-column content-text active-extra-styles \" data-block-type=\"unstyled\" data-block-weight=\"37\">\n<p class=\"content-text__container \" data-track-category=\"Link no Texto\" data-track-links=\"\">No in\u00edcio da tarde, ao chegar ao Supremo, o ministro Marco Aur\u00e9lio Mello disse que ainda n\u00e3o tinha recebido o of\u00edcio da presidente do STF. Ele afirmou que tem 38 anos de magistratura e nunca escolheu relatoria.\u00a0<\/p>\n<\/div>\n<div class=\"mc-column content-text active-extra-styles \" data-block-type=\"unstyled\" data-block-weight=\"34\">\n<p class=\"content-text__container \" data-track-category=\"Link no Texto\" data-track-links=\"\">Perguntado se ficaria aliviado em n\u00e3o participar do sorteio da relatoria da Lava Jato, disse: &#8220;Nunca fugi do trabalho ou enfrentamento de grandes quest\u00f5es. Agora, \u00e9 claro, que prefiro assistir tudo da arquibancada&#8221;, declarou.\u00a0<\/p>\n<p>Fonte: G1<\/p>\n<\/div>\n<div class=\"mc-column content-media content-media--normal\" data-block-type=\"backstage-photo\">\n<div class=\"content-media__container\">\n<div class=\"content-media__image-centered\">\n<div class=\"progressive-img\"><picture itemscope=\"\" itemtype=\"http:\/\/schema.org\/ImageObject\"><source media=\"(max-width: 1024px)\" data-src=\"http:\/\/s2.glbimg.com\/9IIIKevAPLvn0mGtwWyDH4wx5NY=\/0x0:620x878\/600x0\/smart\/filters:strip_icc()\/i.s3.glbimg.com\/v1\/AUTH_59edd422c0c84a879bd37670ae4f538a\/internal_photos\/bs\/2017\/A\/A\/mfPp10QH2NadV6vUARbw\/oficio-fachin.jpg 1x, http:\/\/s2.glbimg.com\/Jr-wDagRXFAAHMCDSPFwomhktsM=\/0x0:620x878\/1200x0\/smart\/filters:strip_icc()\/i.s3.glbimg.com\/v1\/AUTH_59edd422c0c84a879bd37670ae4f538a\/internal_photos\/bs\/2017\/A\/A\/mfPp10QH2NadV6vUARbw\/oficio-fachin.jpg 2x\" srcset=\"http:\/\/s2.glbimg.com\/9IIIKevAPLvn0mGtwWyDH4wx5NY=\/0x0:620x878\/600x0\/smart\/filters:strip_icc()\/i.s3.glbimg.com\/v1\/AUTH_59edd422c0c84a879bd37670ae4f538a\/internal_photos\/bs\/2017\/A\/A\/mfPp10QH2NadV6vUARbw\/oficio-fachin.jpg 1x, http:\/\/s2.glbimg.com\/Jr-wDagRXFAAHMCDSPFwomhktsM=\/0x0:620x878\/1200x0\/smart\/filters:strip_icc()\/i.s3.glbimg.com\/v1\/AUTH_59edd422c0c84a879bd37670ae4f538a\/internal_photos\/bs\/2017\/A\/A\/mfPp10QH2NadV6vUARbw\/oficio-fachin.jpg 2x\" \/><source media=\"(max-width: 1280px)\" data-src=\"http:\/\/s2.glbimg.com\/sXN4VC1X_Wi8JUc9zfp_sOj_FZM=\/0x0:620x878\/640x0\/smart\/filters:strip_icc()\/i.s3.glbimg.com\/v1\/AUTH_59edd422c0c84a879bd37670ae4f538a\/internal_photos\/bs\/2017\/A\/A\/mfPp10QH2NadV6vUARbw\/oficio-fachin.jpg 1x, http:\/\/s2.glbimg.com\/u0hidxrmZOF4DKf_xr-5b9yRHT0=\/0x0:620x878\/1280x0\/smart\/filters:strip_icc()\/i.s3.glbimg.com\/v1\/AUTH_59edd422c0c84a879bd37670ae4f538a\/internal_photos\/bs\/2017\/A\/A\/mfPp10QH2NadV6vUARbw\/oficio-fachin.jpg 2x\" srcset=\"http:\/\/s2.glbimg.com\/sXN4VC1X_Wi8JUc9zfp_sOj_FZM=\/0x0:620x878\/640x0\/smart\/filters:strip_icc()\/i.s3.glbimg.com\/v1\/AUTH_59edd422c0c84a879bd37670ae4f538a\/internal_photos\/bs\/2017\/A\/A\/mfPp10QH2NadV6vUARbw\/oficio-fachin.jpg 1x, http:\/\/s2.glbimg.com\/u0hidxrmZOF4DKf_xr-5b9yRHT0=\/0x0:620x878\/1280x0\/smart\/filters:strip_icc()\/i.s3.glbimg.com\/v1\/AUTH_59edd422c0c84a879bd37670ae4f538a\/internal_photos\/bs\/2017\/A\/A\/mfPp10QH2NadV6vUARbw\/oficio-fachin.jpg 2x\" \/><source media=\"(max-width: 1360px)\" data-src=\"http:\/\/s2.glbimg.com\/HcomHTS1xNE9v-2dr2oUr7hLCv0=\/0x0:620x878\/984x0\/smart\/filters:strip_icc()\/i.s3.glbimg.com\/v1\/AUTH_59edd422c0c84a879bd37670ae4f538a\/internal_photos\/bs\/2017\/A\/A\/mfPp10QH2NadV6vUARbw\/oficio-fachin.jpg 1x, http:\/\/s2.glbimg.com\/iYusNB9ATta5yKOUW1hW55CApLY=\/0x0:620x878\/1968x0\/smart\/filters:strip_icc()\/i.s3.glbimg.com\/v1\/AUTH_59edd422c0c84a879bd37670ae4f538a\/internal_photos\/bs\/2017\/A\/A\/mfPp10QH2NadV6vUARbw\/oficio-fachin.jpg 2x\" srcset=\"http:\/\/s2.glbimg.com\/HcomHTS1xNE9v-2dr2oUr7hLCv0=\/0x0:620x878\/984x0\/smart\/filters:strip_icc()\/i.s3.glbimg.com\/v1\/AUTH_59edd422c0c84a879bd37670ae4f538a\/internal_photos\/bs\/2017\/A\/A\/mfPp10QH2NadV6vUARbw\/oficio-fachin.jpg 1x, http:\/\/s2.glbimg.com\/iYusNB9ATta5yKOUW1hW55CApLY=\/0x0:620x878\/1968x0\/smart\/filters:strip_icc()\/i.s3.glbimg.com\/v1\/AUTH_59edd422c0c84a879bd37670ae4f538a\/internal_photos\/bs\/2017\/A\/A\/mfPp10QH2NadV6vUARbw\/oficio-fachin.jpg 2x\" \/><source media=\"(min-width: 1361px)\" data-src=\"http:\/\/s2.glbimg.com\/XUDBZby-q2_dy1f5TOngAksdciE=\/0x0:620x878\/1000x0\/smart\/filters:strip_icc()\/i.s3.glbimg.com\/v1\/AUTH_59edd422c0c84a879bd37670ae4f538a\/internal_photos\/bs\/2017\/A\/A\/mfPp10QH2NadV6vUARbw\/oficio-fachin.jpg 1x, http:\/\/s2.glbimg.com\/R7V_HVsTBOUZgoa70CXKqoGEiho=\/0x0:620x878\/2000x0\/smart\/filters:strip_icc()\/i.s3.glbimg.com\/v1\/AUTH_59edd422c0c84a879bd37670ae4f538a\/internal_photos\/bs\/2017\/A\/A\/mfPp10QH2NadV6vUARbw\/oficio-fachin.jpg 2x\" srcset=\"http:\/\/s2.glbimg.com\/XUDBZby-q2_dy1f5TOngAksdciE=\/0x0:620x878\/1000x0\/smart\/filters:strip_icc()\/i.s3.glbimg.com\/v1\/AUTH_59edd422c0c84a879bd37670ae4f538a\/internal_photos\/bs\/2017\/A\/A\/mfPp10QH2NadV6vUARbw\/oficio-fachin.jpg 1x, http:\/\/s2.glbimg.com\/R7V_HVsTBOUZgoa70CXKqoGEiho=\/0x0:620x878\/2000x0\/smart\/filters:strip_icc()\/i.s3.glbimg.com\/v1\/AUTH_59edd422c0c84a879bd37670ae4f538a\/internal_photos\/bs\/2017\/A\/A\/mfPp10QH2NadV6vUARbw\/oficio-fachin.jpg 2x\" \/><source data-src=\"http:\/\/s2.glbimg.com\/HcomHTS1xNE9v-2dr2oUr7hLCv0=\/0x0:620x878\/984x0\/smart\/filters:strip_icc()\/i.s3.glbimg.com\/v1\/AUTH_59edd422c0c84a879bd37670ae4f538a\/internal_photos\/bs\/2017\/A\/A\/mfPp10QH2NadV6vUARbw\/oficio-fachin.jpg\" srcset=\"http:\/\/s2.glbimg.com\/HcomHTS1xNE9v-2dr2oUr7hLCv0=\/0x0:620x878\/984x0\/smart\/filters:strip_icc()\/i.s3.glbimg.com\/v1\/AUTH_59edd422c0c84a879bd37670ae4f538a\/internal_photos\/bs\/2017\/A\/A\/mfPp10QH2NadV6vUARbw\/oficio-fachin.jpg\" \/><\/picture><\/div>\n<\/div>\n<\/div>\n<\/div>\n","protected":false},"excerpt":{"rendered":"<p>A presidente do Supremo Tribunal Federal (STF), C\u00e1rmen L\u00facia, dever\u00e1 consultar quatro ministros da Primeira Turma do tribunal \u2013 Lu\u00eds Roberto Barroso, Luiz Fux, Marco&#8230;<\/p>\n","protected":false},"author":1182,"featured_media":22456,"comment_status":"closed","ping_status":"closed","sticky":false,"template":"","format":"standard","meta":{"footnotes":""},"categories":[6],"tags":[],"class_list":["post-22454","post","type-post","status-publish","format-standard","has-post-thumbnail","hentry","category-noticias"],"_links":{"self":[{"href":"https:\/\/www.sincomam.org.br\/index.php\/wp-json\/wp\/v2\/posts\/22454","targetHints":{"allow":["GET"]}}],"collection":[{"href":"https:\/\/www.sincomam.org.br\/index.php\/wp-json\/wp\/v2\/posts"}],"about":[{"href":"https:\/\/www.sincomam.org.br\/index.php\/wp-json\/wp\/v2\/types\/post"}],"author":[{"embeddable":true,"href":"https:\/\/www.sincomam.org.br\/index.php\/wp-json\/wp\/v2\/users\/1182"}],"replies":[{"embeddable":true,"href":"https:\/\/www.sincomam.org.br\/index.php\/wp-json\/wp\/v2\/comments?post=22454"}],"version-history":[{"count":1,"href":"https:\/\/www.sincomam.org.br\/index.php\/wp-json\/wp\/v2\/posts\/22454\/revisions"}],"predecessor-version":[{"id":22457,"href":"https:\/\/www.sincomam.org.br\/index.php\/wp-json\/wp\/v2\/posts\/22454\/revisions\/22457"}],"wp:featuredmedia":[{"embeddable":true,"href":"https:\/\/www.sincomam.org.br\/index.php\/wp-json\/wp\/v2\/media\/22456"}],"wp:attachment":[{"href":"https:\/\/www.sincomam.org.br\/index.php\/wp-json\/wp\/v2\/media?parent=22454"}],"wp:term":[{"taxonomy":"category","embeddable":true,"href":"https:\/\/www.sincomam.org.br\/index.php\/wp-json\/wp\/v2\/categories?post=22454"},{"taxonomy":"post_tag","embeddable":true,"href":"https:\/\/www.sincomam.org.br\/index.php\/wp-json\/wp\/v2\/tags?post=22454"}],"curies":[{"name":"wp","href":"https:\/\/api.w.org\/{rel}","templated":true}]}}