{"id":22452,"date":"2017-02-02T00:10:05","date_gmt":"2017-02-02T02:10:05","guid":{"rendered":"http:\/\/www.sincomam.org.br\/?p=22452"},"modified":"2017-02-01T23:07:38","modified_gmt":"2017-02-02T01:07:38","slug":"ministro-do-stf-rejeita-pedidos-para-barrar-candidatura-de-rodrigo-maia-a-reeleicao","status":"publish","type":"post","link":"https:\/\/www.sincomam.org.br\/index.php\/ministro-do-stf-rejeita-pedidos-para-barrar-candidatura-de-rodrigo-maia-a-reeleicao\/","title":{"rendered":"Ministro do STF rejeita pedidos para barrar candidatura de Rodrigo Maia \u00e0 reelei\u00e7\u00e3o"},"content":{"rendered":"<div class=\"mc-column content-text active-extra-styles active-capital-letter\" data-block-type=\"unstyled\" data-block-weight=\"35\">\n<p class=\"content-text__container theme-color-primary-first-letter\" data-track-category=\"Link no Texto\" data-track-links=\"\">O ministro Celso de Mello, do Supremo Tribunal Federal (STF), rejeitou tr\u00eas pedidos que pediam para que o tribunal barrasse a candidatura \u00e0 reelei\u00e7\u00e3o do atual presidente da C\u00e2mara, Rodrigo Maia (DEM-RJ).\u00a0<\/p>\n<\/div>\n<div class=\"mc-column content-text active-extra-styles \" data-block-type=\"unstyled\" data-block-weight=\"31\">\n<p class=\"content-text__container \" data-track-category=\"Link no Texto\" data-track-links=\"\">Com a decis\u00e3o, o deputado poder\u00e1 concorrer normalmente na disputa marcada para esta quinta (2), tendo como advers\u00e1rios Andr\u00e9 Figueiredo (PDT-CE), Jovair Arantes (PTB-GO), J\u00falio Delgado (PSB-MG) e Luiza Erundina (PSOL-SP).\u00a0<\/p>\n<\/div>\n<div class=\"mc-column content-text active-extra-styles \" data-block-type=\"unstyled\" data-block-weight=\"16\">\n<p class=\"content-text__container \" data-track-category=\"Link no Texto\" data-track-links=\"\">Em entrevista a jornalistas, Maia se disse &#8220;feliz&#8221; com a decis\u00e3o do STF. \u00a0Al\u00e9m disso, o ministro tamb\u00e9m rejeitou um pedido para que Maia fosse impedido de conduzir o processo eleitoral na C\u00e2mara. Assim, est\u00e1 mantido todo o processo estabelecido por ele, como data, hor\u00e1rio e forma de vota\u00e7\u00e3o.\u00a0<\/p>\n<\/div>\n<div class=\"mc-column content-text active-extra-styles \" data-block-type=\"unstyled\" data-block-weight=\"41\">\n<p class=\"content-text__container \" data-track-category=\"Link no Texto\" data-track-links=\"\">As decis\u00f5es proferidas por Celso de Mello, por\u00e9m, t\u00eam car\u00e1ter liminar (provis\u00f3rio) e poder\u00e3o ser revertidas quando as a\u00e7\u00f5es forem analisadas pelo plen\u00e1rio do STF, composto atualmente por dez ministros. Se isso ocorrer, uma eventual vit\u00f3ria de Maia poderia ser anulada.\u00a0<\/p>\n<\/div>\n<div class=\"mc-column content-text active-extra-styles \" data-block-type=\"unstyled\" data-block-weight=\"29\">\n<p class=\"content-text__container \" data-track-category=\"Link no Texto\" data-track-links=\"\">Na decis\u00e3o, o ministro explicou que a diverg\u00eancia na interpreta\u00e7\u00e3o das regras deve ser resolvida pela pr\u00f3pria C\u00e2mara, considerando que elas tamb\u00e9m est\u00e3o detalhadas no regimento interno da Casa.\u00a0<\/p>\n<\/div>\n<div class=\"mc-column content-text active-extra-styles \" data-block-type=\"unstyled\" data-block-weight=\"65\">\n<p class=\"content-text__container \" data-track-category=\"Link no Texto\" data-track-links=\"\">\u201cEm situa\u00e7\u00f5es como a ora em exame, os temas debatidos devem constituir mat\u00e9ria suscet\u00edvel de aprecia\u00e7\u00e3o e resolu\u00e7\u00e3o pelas pr\u00f3prias Casas que integram o Congresso Nacional, pois conflitos interpretativos dessa natureza \u2013 cuja defini\u00e7\u00e3o deve esgotar-se na esfera dom\u00e9stica do pr\u00f3prio Poder Legislativo \u2013 apresentam-se, em raz\u00e3o do postulado fundamental da divis\u00e3o funcional do Poder, como insistentemente acentuado, imunes ao controle jurisdicional\u201d, escreveu o ministro.\u00a0<\/p>\n<\/div>\n<div class=\"mc-column content-text active-extra-styles\" data-block-type=\"raw\" data-block-weight=\"1\">\n<div class=\"content-intertitle\">\n<h2>Maia<\/h2>\n<\/div>\n<\/div>\n<div class=\"mc-column content-text active-extra-styles \" data-block-type=\"unstyled\" data-block-weight=\"33\">\n<p class=\"content-text__container \" data-track-category=\"Link no Texto\" data-track-links=\"\">Ap\u00f3s a decis\u00e3o, Maia afirmou\u00a0que &#8220;sempre teve a clareza&#8221; de que sua candidatura era poss\u00edvel. Ele se disse &#8220;feliz&#8221; com a decis\u00e3o, mas criticou o fato de a quest\u00e3o ter sido judicializada.\u00a0<\/p>\n<\/div>\n<div class=\"mc-column content-text active-extra-styles \" data-block-type=\"unstyled\" data-block-weight=\"35\">\n<p class=\"content-text__container \" data-track-category=\"Link no Texto\" data-track-links=\"\">&#8220;A gente sempre teve a clareza da possibilidade da candidatura. E o que vai prevalecer \u00e9 o debate entre os deputados. Mesmo sendo uma decis\u00e3o positiva, n\u00e3o foi o melhor caminho para a C\u00e2mara&#8221;, afirmou.\u00a0<\/p>\n<\/div>\n<div class=\"mc-column content-text active-extra-styles \" data-block-type=\"unstyled\" data-block-weight=\"47\">\n<p class=\"content-text__container \" data-track-category=\"Link no Texto\" data-track-links=\"\">&#8220;Acho que, mais do que nunca, [a decis\u00e3o] garante a independ\u00eancia de forma harm\u00f4nica entre os poderes [&#8230;]. Fico feliz pela decis\u00e3o, mas gostaria que este m\u00eas tivesse sido para que pudessemos estar falando do Brasil, mas estamos falando de quest\u00e3o jur\u00eddica&#8221;, concluiu o presidente da C\u00e2mara.\u00a0<\/p>\n<\/div>\n<div class=\"content-ads content-ads--reveal\"><\/div>\n<div class=\"mc-column content-text active-extra-styles\" data-block-type=\"raw\" data-block-weight=\"1\">\n<div class=\"content-intertitle\">\n<h2>Pol\u00eamica<\/h2>\n<\/div>\n<\/div>\n<div class=\"mc-column content-text active-extra-styles \" data-block-type=\"unstyled\" data-block-weight=\"22\">\n<p class=\"content-text__container \" data-track-category=\"Link no Texto\" data-track-links=\"\">O Regimento Interno da C\u00e2mara pro\u00edbe a reelei\u00e7\u00e3o na mesma legislatura, que \u00e9 o per\u00edodo para os quais os parlamentares foram eleitos.\u00a0<\/p>\n<\/div>\n<div class=\"mc-column content-text active-extra-styles \" data-block-type=\"unstyled\" data-block-weight=\"33\">\n<p class=\"content-text__container \" data-track-category=\"Link no Texto\" data-track-links=\"\">Ou seja, como o mandato dos atuais deputados vai de 2015 a 2018, Maia, em tese, s\u00f3 poderia voltar a ocupar a presid\u00eancia a partir de 2019, caso viesse a se reeleger deputado.\u00a0<\/p>\n<\/div>\n<div class=\"mc-column content-text active-extra-styles \" data-block-type=\"unstyled\" data-block-weight=\"18\">\n<p class=\"content-text__container \" data-track-category=\"Link no Texto\" data-track-links=\"\">Esse foi o argumento utilizado pelos advers\u00e1rios de Maia nas a\u00e7\u00f5es apresentadas no Supremo, e rejeitadas nesta quarta.\u00a0<\/p>\n<\/div>\n<div class=\"mc-column content-text active-extra-styles \" data-block-type=\"unstyled\" data-block-weight=\"48\">\n<p class=\"content-text__container \" data-track-category=\"Link no Texto\" data-track-links=\"\">Maia, por\u00e9m, afirma que foi eleito para um &#8220;mandato-tamp\u00e3o&#8221; e, por ter ocupado a presid\u00eancia por um per\u00edodo menor do que o previsto no regimento, n\u00e3o estaria enquadrado na regra que impossibilita a reelei\u00e7\u00e3o. Ele j\u00e1 conta com o apoio de mais de dez partidos para se reeleger.\u00a0<\/p>\n<\/div>\n<div class=\"mc-column content-text active-extra-styles \" data-block-type=\"unstyled\" data-block-weight=\"42\">\n<p class=\"content-text__container \" data-track-category=\"Link no Texto\" data-track-links=\"\">Eleito em julho do ano passado para uma esp\u00e9cie de &#8220;mandato-tamp\u00e3o&#8221; (de julho de 2016 a janeiro de 2017), o deputado do DEM assumiu a presid\u00eancia da C\u00e2mara para concluir o mandato do deputado cassado Eduardo Cunha (PMDB-RJ), que renunciou ao posto.<\/p>\n<p>Fonte: G1<\/p>\n<\/div>\n","protected":false},"excerpt":{"rendered":"<p>O ministro Celso de Mello, do Supremo Tribunal Federal (STF), rejeitou tr\u00eas pedidos que pediam para que o tribunal barrasse a candidatura \u00e0 reelei\u00e7\u00e3o do&#8230;<\/p>\n","protected":false},"author":1182,"featured_media":18462,"comment_status":"closed","ping_status":"closed","sticky":false,"template":"","format":"standard","meta":{"footnotes":""},"categories":[6],"tags":[],"class_list":["post-22452","post","type-post","status-publish","format-standard","has-post-thumbnail","hentry","category-noticias"],"_links":{"self":[{"href":"https:\/\/www.sincomam.org.br\/index.php\/wp-json\/wp\/v2\/posts\/22452","targetHints":{"allow":["GET"]}}],"collection":[{"href":"https:\/\/www.sincomam.org.br\/index.php\/wp-json\/wp\/v2\/posts"}],"about":[{"href":"https:\/\/www.sincomam.org.br\/index.php\/wp-json\/wp\/v2\/types\/post"}],"author":[{"embeddable":true,"href":"https:\/\/www.sincomam.org.br\/index.php\/wp-json\/wp\/v2\/users\/1182"}],"replies":[{"embeddable":true,"href":"https:\/\/www.sincomam.org.br\/index.php\/wp-json\/wp\/v2\/comments?post=22452"}],"version-history":[{"count":1,"href":"https:\/\/www.sincomam.org.br\/index.php\/wp-json\/wp\/v2\/posts\/22452\/revisions"}],"predecessor-version":[{"id":22453,"href":"https:\/\/www.sincomam.org.br\/index.php\/wp-json\/wp\/v2\/posts\/22452\/revisions\/22453"}],"wp:featuredmedia":[{"embeddable":true,"href":"https:\/\/www.sincomam.org.br\/index.php\/wp-json\/wp\/v2\/media\/18462"}],"wp:attachment":[{"href":"https:\/\/www.sincomam.org.br\/index.php\/wp-json\/wp\/v2\/media?parent=22452"}],"wp:term":[{"taxonomy":"category","embeddable":true,"href":"https:\/\/www.sincomam.org.br\/index.php\/wp-json\/wp\/v2\/categories?post=22452"},{"taxonomy":"post_tag","embeddable":true,"href":"https:\/\/www.sincomam.org.br\/index.php\/wp-json\/wp\/v2\/tags?post=22452"}],"curies":[{"name":"wp","href":"https:\/\/api.w.org\/{rel}","templated":true}]}}