{"id":22450,"date":"2017-02-01T01:48:46","date_gmt":"2017-02-01T03:48:46","guid":{"rendered":"http:\/\/www.sincomam.org.br\/?p=22450"},"modified":"2017-02-01T01:48:46","modified_gmt":"2017-02-01T03:48:46","slug":"governo-reduz-orcamento-em-r-47-bi-por-teto-de-gastos","status":"publish","type":"post","link":"https:\/\/www.sincomam.org.br\/index.php\/governo-reduz-orcamento-em-r-47-bi-por-teto-de-gastos\/","title":{"rendered":"Governo reduz Or\u00e7amento em R$ 4,7 bi por teto de gastos"},"content":{"rendered":"<section class=\"article-content\">\n<p>O governo<strong><a href=\"http:\/\/exame.abril.com.br\/noticias-sobre\/governo-temer\">\u00a0<\/a><\/strong>federal anunciou uma redu\u00e7\u00e3o nas despesas deste ano de4,695 bilh\u00f5es de reais, para adequar os gastos previstos na\u00a0Or\u00e7amento<strong><a href=\"http:\/\/exame.abril.com.br\/noticias-sobre\/orcamento\">\u00a0<\/a><\/strong>ao limite estabelecido pela emenda constitucional que imp\u00f4s um teto para os gastos, informou nesta ter\u00e7a-feira o ministro interino do Planejamento, Dyogo Oliveira.<\/p>\n<p>Dessa forma, o governo n\u00e3o poder\u00e1 gastar em 2017 mais do que 1,301 trilh\u00e3o de reais, ante teto anterior de 1,306 trilh\u00e3o de reais.<\/p>\n<p>Segundo o ministro, a adequa\u00e7\u00e3o do or\u00e7amento se tornou necess\u00e1ria porque Lei Or\u00e7ament\u00e1ria Anual (LOA) e a Proposta de Emenda \u00e0 Constitui\u00e7\u00e3o (PEC) que limita o crescimento dos gastos \u00e0 infla\u00e7\u00e3o do ano anterior tramitaram ao mesmo tempo no Congresso Nacional quando nem todos os dados eram conhecidos.<\/p>\n<p>As despesas de 2016, por exemplo, que serviram de base para c\u00e1lculo deste ano, foram divulgadas apenas nesta semana e vieram vieram abaixo do esperado.<\/p>\n<p>\u201cA aprova\u00e7\u00e3o da LOA e da PEC ocorreram na mesma semana e, portanto, algumas altera\u00e7\u00f5es n\u00e3o puderam ser imediatamente aplicadas\u201d, disse o ministro.<\/p>\n<p>De acordo com ele, o governo deve fazer uma redu\u00e7\u00e3o de 1,085 bilh\u00f5es nos gastos com pessoal, de 1,809 bilh\u00e3o nas despesas com emendas e de 1,801 bilh\u00e3o no gasto previdenci\u00e1rio.<\/p>\n<p>\u201cA LOA traz dispositivos para que esse ajuste seja feito pelo Executivo. \u00c9 o que n\u00f3s faremos por meio de uma portaria que ser\u00e1 publicada amanh\u00e3 (quarta-feira)\u201d, disse Dyogo.<\/p>\n<p>Apesar do redu\u00e7\u00e3o anunciada nesta ter\u00e7a-feira, o ministro n\u00e3o descartou a possibilidade de um contingenciamento das despesas deste ano para que o governo consiga cumprir a meta de d\u00e9ficit fiscal.<\/p>\n<p>\u201cVai depender da perfomance da arrecada\u00e7\u00e3o\u201d, afirmou.<\/p>\n<p>Fonte: Exame<\/p>\n<\/section>\n<section class=\"article-tags\"><\/section>\n","protected":false},"excerpt":{"rendered":"<p>O governo\u00a0federal anunciou uma redu\u00e7\u00e3o nas despesas deste ano de4,695 bilh\u00f5es de reais, para adequar os gastos previstos na\u00a0Or\u00e7amento\u00a0ao limite estabelecido pela emenda constitucional que&#8230;<\/p>\n","protected":false},"author":1182,"featured_media":19480,"comment_status":"closed","ping_status":"closed","sticky":false,"template":"","format":"standard","meta":{"footnotes":""},"categories":[6],"tags":[],"class_list":["post-22450","post","type-post","status-publish","format-standard","has-post-thumbnail","hentry","category-noticias"],"_links":{"self":[{"href":"https:\/\/www.sincomam.org.br\/index.php\/wp-json\/wp\/v2\/posts\/22450","targetHints":{"allow":["GET"]}}],"collection":[{"href":"https:\/\/www.sincomam.org.br\/index.php\/wp-json\/wp\/v2\/posts"}],"about":[{"href":"https:\/\/www.sincomam.org.br\/index.php\/wp-json\/wp\/v2\/types\/post"}],"author":[{"embeddable":true,"href":"https:\/\/www.sincomam.org.br\/index.php\/wp-json\/wp\/v2\/users\/1182"}],"replies":[{"embeddable":true,"href":"https:\/\/www.sincomam.org.br\/index.php\/wp-json\/wp\/v2\/comments?post=22450"}],"version-history":[{"count":1,"href":"https:\/\/www.sincomam.org.br\/index.php\/wp-json\/wp\/v2\/posts\/22450\/revisions"}],"predecessor-version":[{"id":22451,"href":"https:\/\/www.sincomam.org.br\/index.php\/wp-json\/wp\/v2\/posts\/22450\/revisions\/22451"}],"wp:featuredmedia":[{"embeddable":true,"href":"https:\/\/www.sincomam.org.br\/index.php\/wp-json\/wp\/v2\/media\/19480"}],"wp:attachment":[{"href":"https:\/\/www.sincomam.org.br\/index.php\/wp-json\/wp\/v2\/media?parent=22450"}],"wp:term":[{"taxonomy":"category","embeddable":true,"href":"https:\/\/www.sincomam.org.br\/index.php\/wp-json\/wp\/v2\/categories?post=22450"},{"taxonomy":"post_tag","embeddable":true,"href":"https:\/\/www.sincomam.org.br\/index.php\/wp-json\/wp\/v2\/tags?post=22450"}],"curies":[{"name":"wp","href":"https:\/\/api.w.org\/{rel}","templated":true}]}}