{"id":22448,"date":"2017-02-01T00:46:50","date_gmt":"2017-02-01T02:46:50","guid":{"rendered":"http:\/\/www.sincomam.org.br\/?p=22448"},"modified":"2017-02-01T01:47:41","modified_gmt":"2017-02-01T03:47:41","slug":"eike-presta-depoimento-por-cerca-de-duas-horas-a-pf","status":"publish","type":"post","link":"https:\/\/www.sincomam.org.br\/index.php\/eike-presta-depoimento-por-cerca-de-duas-horas-a-pf\/","title":{"rendered":"Eike presta depoimento por cerca de duas horas \u00e0 PF"},"content":{"rendered":"<p>O empres\u00e1rio Eike Batista\u00a0prestou depoimento por cerca de duas horas a delegados da for\u00e7a tarefa da Lava Jato na sede da Pol\u00edcia Federal\u00a0no Rio de Janeiro nesta ter\u00e7a-feira e, no in\u00edcio da noite, j\u00e1 retornou ao pres\u00eddio de Bangu 9, na zona oeste do Rio de Janeiro.<\/p>\n<p>O ex-bilion\u00e1rio passou cerca de quatro horas na sede da PF no Rio, mas passou por volta de metade desse tempo falando com os delegados, de acordo com uma fonte com conhecimento do assunto que n\u00e3o deu mais detalhes sobre o conte\u00fado do depoimento.<\/p>\n<p>O interrogat\u00f3rio foi conduzido por dois delegados de uma unidade especializada no combate a desvio de recursos e tamb\u00e9m foi acompanhado por dois procuradores federais.<\/p>\n<p>A chegada de Eike \u00e0 sede da PF foi marcada por um pequeno protesto de populares que estavam no local. Aos gritos de \u201cbandido\u201d e \u201cladr\u00e3o\u201d, o empres\u00e1rio chegou \u00e0 superintend\u00eancia no meio da tarde.<\/p>\n<p>Logo na chegada, o advogado Fernando Martins, que representa Eike, disse que, ao menos por ora, o empres\u00e1rio n\u00e3o pensa em um acordo de dela\u00e7\u00e3o premiada.<\/p>\n<p>\u201cEm princ\u00edpio n\u00e3o h\u00e1 possibilidade de dela\u00e7\u00e3o\u201d, disse Martins a jornalistas.<\/p>\n<p>A presen\u00e7a de Eike na PF despertou a curiosidade de quem passava ou trabalha no local. Algumas das pessoas presentes estavam com fantasias de super-her\u00f3is como Flash e Thor, nome de um dos filhos de Eike, que se inspirou na mitologia para batizar herdeiros.<\/p>\n<p>Eike deixou a PF em um carro descaracterizado acompanhado de quatro agentes que o levaram de volta para a cadeia. O ex-bilion\u00e1rio vestia o uniforme do sistema prisional do Rio \u2013cal\u00e7a jeans e camiseta branca.<\/p>\n<p>Em Bangu ele divide cela de 15 metros quadrados com outros presos e tem se alimentado com a comida oferecida pela cadeia. Dois pedidos de habeas corpus em favor de Eike est\u00e3o sendo analisados pela Justi\u00e7a Federal do Rio de Janeiro.<\/p>\n<p>O empres\u00e1rio, que j\u00e1 foi considerado um dos homens mais ricos do mundo, teve a pris\u00e3o decretada na semana passada e chegou a ser considerado foragido pois estava fora do pa\u00eds.<\/p>\n<p>Ele retornou ao Brasil e se apresentou \u00e0 Justi\u00e7a na segunda. O empres\u00e1rio foi o principal alvo da opera\u00e7\u00e3o Efici\u00eancia, um desdobramento da Lava Jato, acusado de pagar 16,5 milh\u00f5es de d\u00f3lares em propina ao ex-governador do Rio de Janeiro S\u00e9rgio Cabral, preso desde o ano passado.<\/p>\n<p>Fonte: Exame<\/p>\n","protected":false},"excerpt":{"rendered":"<p>O empres\u00e1rio Eike Batista\u00a0prestou depoimento por cerca de duas horas a delegados da for\u00e7a tarefa da Lava Jato na sede da Pol\u00edcia Federal\u00a0no Rio de&#8230;<\/p>\n","protected":false},"author":1182,"featured_media":22420,"comment_status":"closed","ping_status":"closed","sticky":false,"template":"","format":"standard","meta":{"footnotes":""},"categories":[6],"tags":[],"class_list":["post-22448","post","type-post","status-publish","format-standard","has-post-thumbnail","hentry","category-noticias"],"_links":{"self":[{"href":"https:\/\/www.sincomam.org.br\/index.php\/wp-json\/wp\/v2\/posts\/22448","targetHints":{"allow":["GET"]}}],"collection":[{"href":"https:\/\/www.sincomam.org.br\/index.php\/wp-json\/wp\/v2\/posts"}],"about":[{"href":"https:\/\/www.sincomam.org.br\/index.php\/wp-json\/wp\/v2\/types\/post"}],"author":[{"embeddable":true,"href":"https:\/\/www.sincomam.org.br\/index.php\/wp-json\/wp\/v2\/users\/1182"}],"replies":[{"embeddable":true,"href":"https:\/\/www.sincomam.org.br\/index.php\/wp-json\/wp\/v2\/comments?post=22448"}],"version-history":[{"count":1,"href":"https:\/\/www.sincomam.org.br\/index.php\/wp-json\/wp\/v2\/posts\/22448\/revisions"}],"predecessor-version":[{"id":22449,"href":"https:\/\/www.sincomam.org.br\/index.php\/wp-json\/wp\/v2\/posts\/22448\/revisions\/22449"}],"wp:featuredmedia":[{"embeddable":true,"href":"https:\/\/www.sincomam.org.br\/index.php\/wp-json\/wp\/v2\/media\/22420"}],"wp:attachment":[{"href":"https:\/\/www.sincomam.org.br\/index.php\/wp-json\/wp\/v2\/media?parent=22448"}],"wp:term":[{"taxonomy":"category","embeddable":true,"href":"https:\/\/www.sincomam.org.br\/index.php\/wp-json\/wp\/v2\/categories?post=22448"},{"taxonomy":"post_tag","embeddable":true,"href":"https:\/\/www.sincomam.org.br\/index.php\/wp-json\/wp\/v2\/tags?post=22448"}],"curies":[{"name":"wp","href":"https:\/\/api.w.org\/{rel}","templated":true}]}}