{"id":22444,"date":"2017-02-01T01:44:56","date_gmt":"2017-02-01T03:44:56","guid":{"rendered":"http:\/\/www.sincomam.org.br\/?p=22444"},"modified":"2017-02-01T01:44:56","modified_gmt":"2017-02-01T03:44:56","slug":"fachin-esta-disposto-a-mudar-para-colegiado-da-lava-jato","status":"publish","type":"post","link":"https:\/\/www.sincomam.org.br\/index.php\/fachin-esta-disposto-a-mudar-para-colegiado-da-lava-jato\/","title":{"rendered":"Fachin est\u00e1 disposto a mudar para colegiado da Lava Jato"},"content":{"rendered":"<p>O ministro do Supremo Tribunal Federal (STF) Edson Fachin vai se colocar \u00e0 disposi\u00e7\u00e3o da Corte para integrar o colegiado que julga os processos da\u00a0Opera\u00e7\u00e3o Lava Jato.<\/p>\n<p>Nos bastidores, ministros defendem o nome da Fachin para ocupar a Segunda Turma, na cadeira que ficou vaga com a morte de Teori Zavascki, relator da Opera\u00e7\u00e3o Lava Jato. Atualmente, Fachin ocupa a Primeira Turma.<\/p>\n<p>Para ser efetivada, a transfer\u00eancia deve ser assinada pela presidente da Corte, C\u00e1rmen L\u00facia, o que deve ocorrer amanh\u00e3 (1\u00ba), antes da sess\u00e3o plen\u00e1ria, prevista para come\u00e7ar \u00e0s 14h.<\/p>\n<p>Com a efetiva\u00e7\u00e3o, a relatoria dos processos da Lava Jato deve ser sorteada eletronicamente entre os integrantes da Segunda Turma, composta pelos ministros Gilmar Mendes, Dias Toffoli, Ricardo Lewandowski e Celso de Mello.<\/p>\n<p>Ontem (30), C\u00e1rmen L\u00facia homologou as dela\u00e7\u00f5es de 77 executivos e ex-funcion\u00e1rios da empresa Odebrecht, nas quais eles detalham o esquema de corrup\u00e7\u00e3o na Petrobras investigado na Opera\u00e7\u00e3o Lava Jato.<\/p>\n<p>O procurador-geral da Rep\u00fablica, Rodrigo Janot, j\u00e1 come\u00e7ou a trabalhar nos pedidos de investiga\u00e7\u00e3o contra os pol\u00edticos e empres\u00e1rios citados nos depoimentos de colabora\u00e7\u00e3o com a Justi\u00e7a.<\/p>\n<p>N\u00e3o h\u00e1 prazo para que eventuais pedidos de investiga\u00e7\u00e3o ou arquivamento cheguem \u00e0 Corte.<\/p>\n<p>Fonte: Exame<\/p>\n","protected":false},"excerpt":{"rendered":"<p>O ministro do Supremo Tribunal Federal (STF) Edson Fachin vai se colocar \u00e0 disposi\u00e7\u00e3o da Corte para integrar o colegiado que julga os processos da\u00a0Opera\u00e7\u00e3o&#8230;<\/p>\n","protected":false},"author":1182,"featured_media":18467,"comment_status":"closed","ping_status":"closed","sticky":false,"template":"","format":"standard","meta":{"footnotes":""},"categories":[6],"tags":[],"class_list":["post-22444","post","type-post","status-publish","format-standard","has-post-thumbnail","hentry","category-noticias"],"_links":{"self":[{"href":"https:\/\/www.sincomam.org.br\/index.php\/wp-json\/wp\/v2\/posts\/22444","targetHints":{"allow":["GET"]}}],"collection":[{"href":"https:\/\/www.sincomam.org.br\/index.php\/wp-json\/wp\/v2\/posts"}],"about":[{"href":"https:\/\/www.sincomam.org.br\/index.php\/wp-json\/wp\/v2\/types\/post"}],"author":[{"embeddable":true,"href":"https:\/\/www.sincomam.org.br\/index.php\/wp-json\/wp\/v2\/users\/1182"}],"replies":[{"embeddable":true,"href":"https:\/\/www.sincomam.org.br\/index.php\/wp-json\/wp\/v2\/comments?post=22444"}],"version-history":[{"count":1,"href":"https:\/\/www.sincomam.org.br\/index.php\/wp-json\/wp\/v2\/posts\/22444\/revisions"}],"predecessor-version":[{"id":22445,"href":"https:\/\/www.sincomam.org.br\/index.php\/wp-json\/wp\/v2\/posts\/22444\/revisions\/22445"}],"wp:featuredmedia":[{"embeddable":true,"href":"https:\/\/www.sincomam.org.br\/index.php\/wp-json\/wp\/v2\/media\/18467"}],"wp:attachment":[{"href":"https:\/\/www.sincomam.org.br\/index.php\/wp-json\/wp\/v2\/media?parent=22444"}],"wp:term":[{"taxonomy":"category","embeddable":true,"href":"https:\/\/www.sincomam.org.br\/index.php\/wp-json\/wp\/v2\/categories?post=22444"},{"taxonomy":"post_tag","embeddable":true,"href":"https:\/\/www.sincomam.org.br\/index.php\/wp-json\/wp\/v2\/tags?post=22444"}],"curies":[{"name":"wp","href":"https:\/\/api.w.org\/{rel}","templated":true}]}}