{"id":22419,"date":"2017-01-30T16:17:11","date_gmt":"2017-01-30T18:17:11","guid":{"rendered":"http:\/\/www.sincomam.org.br\/?p=22419"},"modified":"2017-01-30T16:17:11","modified_gmt":"2017-01-30T18:17:11","slug":"eike-batista-e-transferido-para-bangu-9","status":"publish","type":"post","link":"https:\/\/www.sincomam.org.br\/index.php\/eike-batista-e-transferido-para-bangu-9\/","title":{"rendered":"Eike Batista \u00e9 transferido para Bangu 9"},"content":{"rendered":"<p>Ap\u00f3s duas horas no Pres\u00eddio Ary Franco, em \u00c1gua Santa, na zona norte do Rio de Janeiro, o empres\u00e1rio Eike Batista\u00a0foi transferido por volta das 13h30 para a Penitenci\u00e1ria Bandeira Stampa, conhecida como Bangu 9, no Complexo Penitenci\u00e1rio de Gericin\u00f3, em Bangu, na zona oeste da cidade.<\/p>\n<p>A Secretaria de Estado de Administra\u00e7\u00e3o Penitenci\u00e1ria (Seap) informou que ap\u00f3s triagem inicial no Pres\u00eddio Ary Franco, Eike foi transferido para uma unidade prisional que atendia a seu perfil.<\/p>\n<p>\u201cEle ingressou na porta de entrada para presos federais e, ap\u00f3s ser avaliado, foi transferido para uma unidade de acordo com o perfil\u201d, diz a nota da Seap.<\/p>\n<p>O empres\u00e1rio chegou por volta das 11h20 ao Pres\u00eddio Ary Franco. Ele foi preso por agentes da Pol\u00edcia Federal logo ap\u00f3s desembarcar no Aeroporto Internacional Tom Jobim\/Gale\u00e3o de um voo vindo de Nova York.<\/p>\n<p>O avi\u00e3o que trouxe Eike Batista para o Rio de Janeiro pousou hoje (30) \u00e0s 9h54. Em seguida, o empres\u00e1rio foi levado para o Instituto M\u00e9dico-Legal (IML) onde fez exame de corpo de delito. Ele embarcou no domingo (29), no Aeroporto John F. Kennedy, em Nova York, em um voo da American Airlines.<\/p>\n<h3>Lava Jato<\/h3>\n<p>Eike, propriet\u00e1rio do grupo EBX, \u00e9 suspeito de lavagem de dinheiro em um esquema de corrup\u00e7\u00e3o que tamb\u00e9m atinge o ex-governador do Rio S\u00e9rgio Cabral, que est\u00e1 preso.<\/p>\n<p>Eike e o executivo Fl\u00e1vio Godinho, seu bra\u00e7o direito no grupo EBX e vice-presidente do Flamengo, s\u00e3o acusados de terem pago US$ 16,5 milh\u00f5es a Cabral em troca de benef\u00edcios em obras e neg\u00f3cios do grupo, usando uma conta fora do pa\u00eds. Os tr\u00eas tamb\u00e9m s\u00e3o suspeitos de terem obstru\u00eddo as investiga\u00e7\u00f5es.<\/p>\n<p>Na quinta-feira (26), a Pol\u00edcia Federal tentou deter o empres\u00e1rio em sua casa, no Rio de Janeiro, mas ele n\u00e3o estava l\u00e1. Os advogados informaram que Eike havia viajado a trabalho para Nova York e que voltaria ao Brasil para se entregar.<\/p>\n<p>A Pol\u00edcia Federal o considerou foragido e pediu a inclus\u00e3o de seu nome na lista de procurados da Interpol, a pol\u00edcia internacional.<\/p>\n<p>Eike, 60 anos, foi considerado o homem mais rico do Brasil e, em 2012, o s\u00e9timo mais rico do mundo pela revista Forbes, com uma fortuna estimada em US$ 30 bilh\u00f5es.<\/p>\n<p>As empresas do grupo EBX atuam na \u00e1rea de minera\u00e7\u00e3o, petr\u00f3leo, g\u00e1s, log\u00edstica, energia e ind\u00fastria naval. Em 2013, os neg\u00f3cios entraram em crise e Eike come\u00e7ou a deixar o controle de suas companhias e vender seu patrim\u00f4nio.<\/p>\n<p>O nome de Eike Batista apareceu na semana passada no \u00e2mbito da Opera\u00e7\u00e3o Efici\u00eancia, um desdobramento da Opera\u00e7\u00e3o Calicute, fase anterior da Lava Jato no Rio de Janeiro, sobre propinas pagas por grandes empreiteiras a partidos e pol\u00edticos para obter contratos da Petrobras.<\/p>\n","protected":false},"excerpt":{"rendered":"<p>Ap\u00f3s duas horas no Pres\u00eddio Ary Franco, em \u00c1gua Santa, na zona norte do Rio de Janeiro, o empres\u00e1rio Eike Batista\u00a0foi transferido por volta das&#8230;<\/p>\n","protected":false},"author":1182,"featured_media":22420,"comment_status":"closed","ping_status":"closed","sticky":false,"template":"","format":"standard","meta":{"footnotes":""},"categories":[6],"tags":[],"class_list":["post-22419","post","type-post","status-publish","format-standard","has-post-thumbnail","hentry","category-noticias"],"_links":{"self":[{"href":"https:\/\/www.sincomam.org.br\/index.php\/wp-json\/wp\/v2\/posts\/22419","targetHints":{"allow":["GET"]}}],"collection":[{"href":"https:\/\/www.sincomam.org.br\/index.php\/wp-json\/wp\/v2\/posts"}],"about":[{"href":"https:\/\/www.sincomam.org.br\/index.php\/wp-json\/wp\/v2\/types\/post"}],"author":[{"embeddable":true,"href":"https:\/\/www.sincomam.org.br\/index.php\/wp-json\/wp\/v2\/users\/1182"}],"replies":[{"embeddable":true,"href":"https:\/\/www.sincomam.org.br\/index.php\/wp-json\/wp\/v2\/comments?post=22419"}],"version-history":[{"count":1,"href":"https:\/\/www.sincomam.org.br\/index.php\/wp-json\/wp\/v2\/posts\/22419\/revisions"}],"predecessor-version":[{"id":22421,"href":"https:\/\/www.sincomam.org.br\/index.php\/wp-json\/wp\/v2\/posts\/22419\/revisions\/22421"}],"wp:featuredmedia":[{"embeddable":true,"href":"https:\/\/www.sincomam.org.br\/index.php\/wp-json\/wp\/v2\/media\/22420"}],"wp:attachment":[{"href":"https:\/\/www.sincomam.org.br\/index.php\/wp-json\/wp\/v2\/media?parent=22419"}],"wp:term":[{"taxonomy":"category","embeddable":true,"href":"https:\/\/www.sincomam.org.br\/index.php\/wp-json\/wp\/v2\/categories?post=22419"},{"taxonomy":"post_tag","embeddable":true,"href":"https:\/\/www.sincomam.org.br\/index.php\/wp-json\/wp\/v2\/tags?post=22419"}],"curies":[{"name":"wp","href":"https:\/\/api.w.org\/{rel}","templated":true}]}}