{"id":22417,"date":"2017-01-30T00:56:30","date_gmt":"2017-01-30T02:56:30","guid":{"rendered":"http:\/\/www.sincomam.org.br\/?p=22417"},"modified":"2017-01-30T16:28:29","modified_gmt":"2017-01-30T18:28:29","slug":"conselho-monetario-nacional-restringe-uso-do-rotativo-no-cartao-de-credito","status":"publish","type":"post","link":"https:\/\/www.sincomam.org.br\/index.php\/conselho-monetario-nacional-restringe-uso-do-rotativo-no-cartao-de-credito\/","title":{"rendered":"Conselho Monet\u00e1rio Nacional restringe uso do rotativo no cart\u00e3o de cr\u00e9dito"},"content":{"rendered":"<div class=\"mc-column content-text active-extra-styles active-capital-letter\" data-block-type=\"unstyled\" data-block-weight=\"22\">\n<p class=\"content-text__container theme-color-primary-first-letter\" data-track-category=\"Link no Texto\" data-track-links=\"\">O Conselho Monet\u00e1rio Nacional (CMN) aprovou a norma que restringe o prazo do cr\u00e9dito rotativo do cart\u00e3o de cr\u00e9dito.\u00a0<\/p>\n<\/div>\n<div class=\"mc-column content-text active-extra-styles \" data-block-type=\"unstyled\" data-block-weight=\"40\">\n<p class=\"content-text__container \" data-track-category=\"Link no Texto\" data-track-links=\"\">Segundo a norma, o rotativo s\u00f3 poder\u00e1 ser usado at\u00e9 o vencimento da fatura seguinte. Se na data do vencimento o cliente n\u00e3o tiver feito o pagamento total do valor da fatura, o restante ter\u00e1 que ser parcelado ou quitado.\u00a0<\/p>\n<\/div>\n<div class=\"mc-column content-text active-extra-styles \" data-block-type=\"unstyled\" data-block-weight=\"56\">\n<p class=\"content-text__container \" data-track-category=\"Link no Texto\" data-track-links=\"\">O Banco Central informou que a medida tem como objetivo tornar o uso do cart\u00e3o de cr\u00e9dito mais eficiente e mais barato. A expectativa \u00e9 que as mudan\u00e7as ajudem a reduzir a taxa de juros do cr\u00e9dito. Os juros do rotativo de cart\u00e3o de cr\u00e9dito fecharam o m\u00eas de dezembro de 2016 em 484,6% ao ano.\u00a0<\/p>\n<\/div>\n<div class=\"mc-column content-text active-extra-styles \" data-block-type=\"unstyled\" data-block-weight=\"29\">\n<p class=\"content-text__container \" data-track-category=\"Link no Texto\" data-track-links=\"\">O diretor de Regula\u00e7\u00e3o do Banco Central, Ot\u00e1vio Damaso, n\u00e3o deu um prazo para a queda nas taxas de juros do rotativo nem estimou de quanto seria essa redu\u00e7\u00e3o.\u00a0<\/p>\n<\/div>\n<div class=\"mc-column content-text active-extra-styles \" data-block-type=\"unstyled\" data-block-weight=\"24\">\n<p class=\"content-text__container \" data-track-category=\"Link no Texto\" data-track-links=\"\">A decis\u00e3o de estimular a redu\u00e7\u00e3o dos juros do cart\u00e3o de cr\u00e9dito foi anunciada pelo presidente Michel Temer<a href=\"http:\/\/g1.globo.com\/economia\/noticia\/governo-quer-baixar-juros-do-cartao-de-credito-a-partir-do-primeiro-semestre-de-2017.ghtml\">\u00a0<\/a>no \u00faltimo dia 22 de dezembro.\u00a0<\/p>\n<\/div>\n<div class=\"mc-column content-text active-extra-styles \" data-block-type=\"unstyled\" data-block-weight=\"28\">\n<p class=\"content-text__container \" data-track-category=\"Link no Texto\" data-track-links=\"\">As institui\u00e7\u00f5es financeiras ter\u00e3o at\u00e9 3 de abril para fazer as mudan\u00e7as necess\u00e1rias a fim de se adaptarem \u00e0 norma, mas poder\u00e3o optar por adot\u00e1-la antes dessa data.\u00a0<\/p>\n<\/div>\n<div class=\"mc-column content-text active-extra-styles \" data-block-type=\"unstyled\" data-block-weight=\"19\">\n<p class=\"content-text__container \" data-track-category=\"Link no Texto\" data-track-links=\"\">Segundo o Banco Central, o parcelamento ter\u00e1 que ser \u201cfinanciado em condi\u00e7\u00f5es mais vantajosas ou liquidado imediatamente pelo cliente\u201d.\u00a0<\/p>\n<\/div>\n<div class=\"mc-column content-text active-extra-styles \" data-block-type=\"unstyled\" data-block-weight=\"30\">\n<p class=\"content-text__container \" data-track-category=\"Link no Texto\" data-track-links=\"\">Segundo o diretor de Regula\u00e7\u00e3o do Banco Central, Ot\u00e1vio Damaso, o parcelamento da fatura \u00e9 uma op\u00e7\u00e3o da institui\u00e7\u00e3o financeira, mas ele acredita que &#8220;naturalmente&#8221; elas v\u00e3o oferecer o parcelamento.\u00a0<\/p>\n<\/div>\n<div class=\"mc-column content-text active-extra-styles \" data-block-type=\"unstyled\" data-block-weight=\"36\">\n<p class=\"content-text__container \" data-track-category=\"Link no Texto\" data-track-links=\"\">\u201cNenhuma institui\u00e7\u00e3o quer levar o cliente para a inadimpl\u00eancia. \u00c9 ruim para ela\u201d, afirmou. Caso o banco n\u00e3o ofere\u00e7a o parcelamento, o cliente ter\u00e1 que buscar outra solu\u00e7\u00e3o para quitar a d\u00edvida, ou poder\u00e1 ficar inadimplente.\u00a0<\/p>\n<\/div>\n<div class=\"mc-column content-text active-extra-styles \" data-block-type=\"unstyled\" data-block-weight=\"34\">\n<p class=\"content-text__container \" data-track-category=\"Link no Texto\" data-track-links=\"\">O diretor destacou que o parcelamento ter\u00e1 que ter condi\u00e7\u00e3o mais vantajosa do que a praticada no cr\u00e9dito rotativo, mas o Banco Central n\u00e3o vai fixar qu\u00e3o mais vantajoso deve ser o novo parcelamento.<\/p>\n<p><strong>Juros altos<\/strong><\/p>\n<div class=\"mc-column content-text active-extra-styles \" data-block-type=\"unstyled\" data-block-weight=\"39\">\n<p class=\"content-text__container \" data-track-category=\"Link no Texto\" data-track-links=\"\">Os juros do rotativo s\u00e3o os maiores praticados no mercado de cr\u00e9dito. A modalidade fechou o m\u00eas de dezembro em 484,6% ao ano. De acordo com Ot\u00e1vio Damaso, essa taxa alta est\u00e1 ligada, principalmente, ao grande risco de inadimpl\u00eancia.\u00a0<\/p>\n<\/div>\n<div class=\"mc-column content-text active-extra-styles \" data-block-type=\"unstyled\" data-block-weight=\"31\">\n<p class=\"content-text__container \" data-track-category=\"Link no Texto\" data-track-links=\"\">Ele informou ainda que 50% da carteira do rotativo \u00e9 do tipo E, numa lista de classifica\u00e7\u00e3o que vai de A (cr\u00e9dito de menor risco) a H (cr\u00e9dito de maior risco).\u00a0<\/p>\n<\/div>\n<div class=\"mc-column content-text active-extra-styles \" data-block-type=\"unstyled\" data-block-weight=\"27\">\n<p class=\"content-text__container \" data-track-category=\"Link no Texto\" data-track-links=\"\">Atualmente o montante do cr\u00e9dito rotativo \u00e9 de R$ 37 bilh\u00f5es. Ele representa uma parcela pequena dos R$ 700 bilh\u00f5es do montante ligado a cart\u00f5es de cr\u00e9dito. <\/p>\n<p><strong>Repercuss\u00e3o<\/strong><\/p>\n<\/div>\n<div class=\"mc-column content-text active-extra-styles \" data-block-type=\"unstyled\" data-block-weight=\"26\">\n<p class=\"content-text__container \" data-track-category=\"Link no Texto\" data-track-links=\"\">Logo ap\u00f3s o an\u00fancio da decis\u00e3o do Conselho Monet\u00e1rio Nacional, a Associa\u00e7\u00e3o Brasileira das Empresas de Cart\u00f5es de Cr\u00e9dito (Abecs) divulgou nota de apoio \u00e0 medida.\u00a0<\/p>\n<\/div>\n<div class=\"mc-column content-text active-extra-styles \" data-block-type=\"unstyled\" data-block-weight=\"38\">\n<p class=\"content-text__container \" data-track-category=\"Link no Texto\" data-track-links=\"\">Segundo a entidade, a decis\u00e3o &#8220;vai ao encontro das medidas previamente anunciadas pelo Banco Central no \u00e2mbito dos cart\u00f5es de cr\u00e9dito e nortear\u00e1 os ajustes remanescentes necess\u00e1rios para que as institui\u00e7\u00f5es emissoras de cart\u00e3o atendam aos prazos requeridos&#8221;.\u00a0<\/p>\n<\/div>\n<div class=\"mc-column content-text active-extra-styles \" data-block-type=\"unstyled\" data-block-weight=\"64\">\n<p class=\"content-text__container \" data-track-category=\"Link no Texto\" data-track-links=\"\">&#8220;A Abecs reitera o seu entendimento de que a fixa\u00e7\u00e3o do prazo de perman\u00eancia do cliente no cr\u00e9dito rotativo para o m\u00e1ximo de 30 dias (entre uma fatura e outra), aliada \u00e0 disponibiliza\u00e7\u00e3o autom\u00e1tica de alternativas de financiamento por meio do cart\u00e3o, como o parcelamento da fatura, permitir\u00e1 maior controle do consumidor e menor comprometimento da sua renda mensal&#8221;, diz o texto da nota.\u00a0<\/p>\n<\/div>\n<div class=\"mc-column content-text active-extra-styles \" data-block-type=\"unstyled\" data-block-weight=\"24\">\n<p class=\"content-text__container \" data-track-category=\"Link no Texto\" data-track-links=\"\">A assessoria do Bradesco informou que, para o banco, as medidas s\u00e3o &#8220;fatores de est\u00edmulo ao uso adequado de linhas emergenciais, como o rotativo&#8221;.\u00a0<\/p>\n<\/div>\n<div class=\"mc-column content-text active-extra-styles \" data-block-type=\"unstyled\" data-block-weight=\"47\">\n<p class=\"content-text__container \" data-track-category=\"Link no Texto\" data-track-links=\"\">&#8220;Para a sociedade, representa uma importante mudan\u00e7a no sentido de possibilitar a redu\u00e7\u00e3o do comprometimento da renda das pessoas que vierem, eventualmente, acessar o rotativo dos cart\u00f5es de cr\u00e9dito. \u00c9 um avan\u00e7o que trar\u00e1 efici\u00eancia nas rela\u00e7\u00f5es com os consumidores&#8221;, diz nota divulgada pela assessoria do Bradesco.\u00a0<\/p>\n<\/div>\n<div class=\"mc-column content-text active-extra-styles \" data-block-type=\"unstyled\" data-block-weight=\"20\">\n<p class=\"content-text__container \" data-track-category=\"Link no Texto\" data-track-links=\"\">Segundo a nota, o Bradesco far\u00e1 as adapta\u00e7\u00f5es para se ajustar \u00e0 nova regra dentro do prazo estabelecido pelo CMN.\u00a0<\/p>\n<\/div>\n<div class=\"mc-column content-text active-extra-styles \" data-block-type=\"unstyled\" data-block-weight=\"51\">\n<p class=\"content-text__container \" data-track-category=\"Link no Texto\" data-track-links=\"\">O diretor executivo da \u00e1rea de cart\u00f5es do Ita\u00fa Unibanco, Marcos Magalh\u00e3es, informou, tamb\u00e9m em nota, que apoia a redu\u00e7\u00e3o dos juros no rotativo do cart\u00e3o e que acredita que &#8220;a medida \u00e9 ben\u00e9fica para o setor e a economia, pois dinamiza o cr\u00e9dito e contribui para a diminui\u00e7\u00e3o da inadimpl\u00eancia.&#8221;\u00a0<\/p>\n<\/div>\n<div class=\"mc-column content-text active-extra-styles \" data-block-type=\"unstyled\" data-block-weight=\"94\">\n<p class=\"content-text__container \" data-track-category=\"Link no Texto\" data-track-links=\"\">&#8220;O banco entende que o modelo de rotativo tradicional do cart\u00e3o \u00e9 uma op\u00e7\u00e3o para ser utilizada apenas em situa\u00e7\u00f5es emergenciais e por um per\u00edodo curto de tempo&#8221;, diz o diretor do Ita\u00fa Unibanco. &#8221; De forma geral, acreditamos que ainda h\u00e1 espa\u00e7o para redesenhar o sistema de cart\u00e3o de cr\u00e9dito no Brasil, com um rebalanceamento dos custos dos v\u00e1rios tipos de pagamento e financiamento. As medidas divulgadas pelo governo s\u00e3o um passo importante na dire\u00e7\u00e3o de modernizar esse setor e o Ita\u00fa buscar\u00e1 perseguir iniciativas que contemplem a continuidade desta evolu\u00e7\u00e3o&#8221;, completou ele.<\/p>\n<p>Fonte: G1<\/p>\n<\/div>\n<\/div>\n","protected":false},"excerpt":{"rendered":"<p>O Conselho Monet\u00e1rio Nacional (CMN) aprovou a norma que restringe o prazo do cr\u00e9dito rotativo do cart\u00e3o de cr\u00e9dito.\u00a0 Segundo a norma, o rotativo s\u00f3&#8230;<\/p>\n","protected":false},"author":1182,"featured_media":18444,"comment_status":"closed","ping_status":"closed","sticky":false,"template":"","format":"standard","meta":{"footnotes":""},"categories":[6],"tags":[],"class_list":["post-22417","post","type-post","status-publish","format-standard","has-post-thumbnail","hentry","category-noticias"],"_links":{"self":[{"href":"https:\/\/www.sincomam.org.br\/index.php\/wp-json\/wp\/v2\/posts\/22417","targetHints":{"allow":["GET"]}}],"collection":[{"href":"https:\/\/www.sincomam.org.br\/index.php\/wp-json\/wp\/v2\/posts"}],"about":[{"href":"https:\/\/www.sincomam.org.br\/index.php\/wp-json\/wp\/v2\/types\/post"}],"author":[{"embeddable":true,"href":"https:\/\/www.sincomam.org.br\/index.php\/wp-json\/wp\/v2\/users\/1182"}],"replies":[{"embeddable":true,"href":"https:\/\/www.sincomam.org.br\/index.php\/wp-json\/wp\/v2\/comments?post=22417"}],"version-history":[{"count":1,"href":"https:\/\/www.sincomam.org.br\/index.php\/wp-json\/wp\/v2\/posts\/22417\/revisions"}],"predecessor-version":[{"id":22418,"href":"https:\/\/www.sincomam.org.br\/index.php\/wp-json\/wp\/v2\/posts\/22417\/revisions\/22418"}],"wp:featuredmedia":[{"embeddable":true,"href":"https:\/\/www.sincomam.org.br\/index.php\/wp-json\/wp\/v2\/media\/18444"}],"wp:attachment":[{"href":"https:\/\/www.sincomam.org.br\/index.php\/wp-json\/wp\/v2\/media?parent=22417"}],"wp:term":[{"taxonomy":"category","embeddable":true,"href":"https:\/\/www.sincomam.org.br\/index.php\/wp-json\/wp\/v2\/categories?post=22417"},{"taxonomy":"post_tag","embeddable":true,"href":"https:\/\/www.sincomam.org.br\/index.php\/wp-json\/wp\/v2\/tags?post=22417"}],"curies":[{"name":"wp","href":"https:\/\/api.w.org\/{rel}","templated":true}]}}