{"id":22415,"date":"2017-01-27T00:55:06","date_gmt":"2017-01-27T02:55:06","guid":{"rendered":"http:\/\/www.sincomam.org.br\/?p=22415"},"modified":"2017-01-26T20:56:24","modified_gmt":"2017-01-26T22:56:24","slug":"eike-pagou-us-165-milhoes-em-propina-a-cabral","status":"publish","type":"post","link":"https:\/\/www.sincomam.org.br\/index.php\/eike-pagou-us-165-milhoes-em-propina-a-cabral\/","title":{"rendered":"Eike pagou US$ 16,5 milh\u00f5es em propina a Cabral"},"content":{"rendered":"<div class=\"mc-column content-text active-extra-styles active-capital-letter\" data-block-type=\"unstyled\" data-block-weight=\"40\">\n<p class=\"content-text__container theme-color-primary-first-letter\" data-track-category=\"Link no Texto\" data-track-links=\"\">Eike Batista pagou US$ 16,5 milh\u00f5es (cerca de R$ 52 milh\u00f5es) em propina por ao ex-governador do Rio de Janeiro S\u00e9rgio Cabral por meio de um falso contrato, declararam \u00e0 Justi\u00e7a Federal dois operadores que fecharam acordo de dela\u00e7\u00e3o premiada.\u00a0<\/p>\n<\/div>\n<div class=\"mc-column content-text active-extra-styles \" data-block-type=\"unstyled\" data-block-weight=\"77\">\n<p class=\"content-text__container \" data-track-category=\"Link no Texto\" data-track-links=\"\">O empres\u00e1rio teve a pris\u00e3o decretada na Opera\u00e7\u00e3o Efici\u00eancia, novo desdobramento da Lava Jato no Rio. A Pol\u00edcia Federal solicitou a Interpol, a pol\u00edcia internacional, que Eike Batista seja inclu\u00eddo na lista de difus\u00e3o vermelha da Interpol, o que possibilita sua pris\u00e3o por qualquer for\u00e7a policial do pa\u00eds em que esteja. A defesa do empres\u00e1rio diz que ele est\u00e1 em Nova York a trabalho e que negocia sua volta ao pa\u00eds.O advogado do empres\u00e1rio, Fernando Martins, confirma que ele est\u00e1 em Nova York e diz que negocia seu retorno ao Brasil. &#8220;Ele est\u00e1 \u00e0 disposi\u00e7\u00e3o para esclarecer tudo.&#8221;\u00a0<\/p>\n<\/div>\n<div class=\"mc-column content-text active-extra-styles \" data-block-type=\"unstyled\" data-block-weight=\"65\">\n<p class=\"content-text__container \" data-track-category=\"Link no Texto\" data-track-links=\"\">Ao determinar a pris\u00e3o preventiva de Eike Batista, o juiz Marcelo Bretas considerou que o empres\u00e1rio mentiu ao prestar depoimento ao Minist\u00e9rio P\u00fablico Federal (MPF). Segundo o magistrado, isso refor\u00e7a a tese do maior envolvimento do empres\u00e1rio com a organiza\u00e7\u00e3o criminosa comandada pelo ex-governador do Rio. O grupo de Cabral \u00e9 suspeito de ocultar no exterior aproximadamente U$ 100 milh\u00f5es, cerca de R$ 340 milh\u00f5es.\u00a0<\/p>\n<\/div>\n<div class=\"mc-column content-text active-extra-styles \" data-block-type=\"unstyled\" data-block-weight=\"48\">\n<p class=\"content-text__container \" data-track-category=\"Link no Texto\" data-track-links=\"\">&#8220;O patrim\u00f4nio dos membros da organiza\u00e7\u00e3o criminosa chefiada pelo senhor S\u00e9rgio Cabral \u00e9 um oceano ainda n\u00e3o completamente mapeado. O limite \u00e9&#8230; Eu j\u00e1 diria que esses US$ 100 milh\u00f5es \u00e9 al\u00e9m do imagin\u00e1vel&#8221;, afirmou procurador Leonardo Cardoso de Freitas, em entrevista nesta manh\u00e3 para detalhar a opera\u00e7\u00e3o.\u00a0<\/p>\n<\/div>\n<div class=\"mc-column content-text active-extra-styles \" data-block-type=\"unstyled\" data-block-weight=\"58\">\n<p class=\"content-text__container \" data-track-category=\"Link no Texto\" data-track-links=\"\">A for\u00e7a-tarefa da Lava Jato diz que Eike \u00e9 suspeito de pagar dinheiro em troca de facilita\u00e7\u00f5es para fechar contratos p\u00fablicos no Rio. No entanto, n\u00e3o foi determinado qual era o objetivo espec\u00edfico do pagamento dos US$ 16,5 milh\u00f5es. Segundo o procurador, no Brasil, a imputa\u00e7\u00e3o do crime de corrup\u00e7\u00e3o n\u00e3o requer a identifica\u00e7\u00e3o do &#8220;ato de of\u00edcio&#8221;.<\/p>\n<p>Fonte: G1<\/p>\n<\/div>\n","protected":false},"excerpt":{"rendered":"<p>Eike Batista pagou US$ 16,5 milh\u00f5es (cerca de R$ 52 milh\u00f5es) em propina por ao ex-governador do Rio de Janeiro S\u00e9rgio Cabral por meio de&#8230;<\/p>\n","protected":false},"author":1182,"featured_media":18467,"comment_status":"closed","ping_status":"closed","sticky":false,"template":"","format":"standard","meta":{"footnotes":""},"categories":[6],"tags":[],"class_list":["post-22415","post","type-post","status-publish","format-standard","has-post-thumbnail","hentry","category-noticias"],"_links":{"self":[{"href":"https:\/\/www.sincomam.org.br\/index.php\/wp-json\/wp\/v2\/posts\/22415","targetHints":{"allow":["GET"]}}],"collection":[{"href":"https:\/\/www.sincomam.org.br\/index.php\/wp-json\/wp\/v2\/posts"}],"about":[{"href":"https:\/\/www.sincomam.org.br\/index.php\/wp-json\/wp\/v2\/types\/post"}],"author":[{"embeddable":true,"href":"https:\/\/www.sincomam.org.br\/index.php\/wp-json\/wp\/v2\/users\/1182"}],"replies":[{"embeddable":true,"href":"https:\/\/www.sincomam.org.br\/index.php\/wp-json\/wp\/v2\/comments?post=22415"}],"version-history":[{"count":1,"href":"https:\/\/www.sincomam.org.br\/index.php\/wp-json\/wp\/v2\/posts\/22415\/revisions"}],"predecessor-version":[{"id":22416,"href":"https:\/\/www.sincomam.org.br\/index.php\/wp-json\/wp\/v2\/posts\/22415\/revisions\/22416"}],"wp:featuredmedia":[{"embeddable":true,"href":"https:\/\/www.sincomam.org.br\/index.php\/wp-json\/wp\/v2\/media\/18467"}],"wp:attachment":[{"href":"https:\/\/www.sincomam.org.br\/index.php\/wp-json\/wp\/v2\/media?parent=22415"}],"wp:term":[{"taxonomy":"category","embeddable":true,"href":"https:\/\/www.sincomam.org.br\/index.php\/wp-json\/wp\/v2\/categories?post=22415"},{"taxonomy":"post_tag","embeddable":true,"href":"https:\/\/www.sincomam.org.br\/index.php\/wp-json\/wp\/v2\/tags?post=22415"}],"curies":[{"name":"wp","href":"https:\/\/api.w.org\/{rel}","templated":true}]}}