{"id":22413,"date":"2017-01-27T00:53:09","date_gmt":"2017-01-27T02:53:09","guid":{"rendered":"http:\/\/www.sincomam.org.br\/?p=22413"},"modified":"2017-01-26T20:54:17","modified_gmt":"2017-01-26T22:54:17","slug":"petrobras-reduz-preco-do-diesel-e-da-gasolina-a-partir-de-amanha","status":"publish","type":"post","link":"https:\/\/www.sincomam.org.br\/index.php\/petrobras-reduz-preco-do-diesel-e-da-gasolina-a-partir-de-amanha\/","title":{"rendered":"Petrobras reduz pre\u00e7o do diesel e da gasolina a partir de amanh\u00e3"},"content":{"rendered":"<p>A Petrobras\u00a0anunciou a redu\u00e7\u00e3o no pre\u00e7o do diesel nas refinarias em 5,1%, em m\u00e9dia, e da gasolina em 1,4%, em m\u00e9dia. Os novos valores come\u00e7am a ser aplicados amanh\u00e3 (27).<\/p>\n<p>A redu\u00e7\u00e3o nas refinarias n\u00e3o necessariamente chegar\u00e1 aos consumidores porque a lei brasileira garante liberdade de pre\u00e7os no mercado de combust\u00edveis e derivados. \u201cIsso depender\u00e1 de repasses feitos por outros integrantes da cadeia de combust\u00edveis, especialmente distribuidoras e postos revendedores\u201d, informou a Petrobras.<\/p>\n<p>Pelos c\u00e1lculos da empresa, se o ajuste for repassado integralmente e n\u00e3o houver altera\u00e7\u00f5es nas demais parcelas que comp\u00f5em o pre\u00e7o ao consumidor final, o diesel pode cair 2,6% ou cerca de R$ 0,08 por litro, em m\u00e9dia, e a gasolina, 0,4% ou R$ 0,02 por litro, em m\u00e9dia.<\/p>\n<h3>Pol\u00edtica de pre\u00e7os<\/h3>\n<p>As mudan\u00e7as anunciadas hoje seguem a pol\u00edtica de pre\u00e7os da estatal divulgada em outubro de 2016. A companhia reafirmou a inten\u00e7\u00e3o de rever os pre\u00e7os pelo menos uma vez a cada 30 dias, pol\u00edtica que d\u00e1 \u201ca flexibilidade necess\u00e1ria para lidar com vari\u00e1veis com alta volatilidade\u201d.<\/p>\n<p>Segundo a Petrobras, os novos pre\u00e7os mant\u00eam a margem positiva em rela\u00e7\u00e3o \u00e0 paridade internacional. As altera\u00e7\u00f5es s\u00e3o resultado da valoriza\u00e7\u00e3o do real desde a \u00faltima revis\u00e3o de pre\u00e7os, de ajustes na competitividade da Petrobras no mercado interno e da redu\u00e7\u00e3o dos pre\u00e7os dos derivados nos mercados internacionais, em particular do diesel, que registrou eleva\u00e7\u00e3o de estoques por causa de inverno menos rigoroso do que o previsto no Hemisf\u00e9rio Norte, de acordo com a estatal.<\/p>\n<p>Fonte: Folha de S\u00e3o Paulo<\/p>\n","protected":false},"excerpt":{"rendered":"<p>A Petrobras\u00a0anunciou a redu\u00e7\u00e3o no pre\u00e7o do diesel nas refinarias em 5,1%, em m\u00e9dia, e da gasolina em 1,4%, em m\u00e9dia. Os novos valores come\u00e7am&#8230;<\/p>\n","protected":false},"author":1182,"featured_media":18837,"comment_status":"closed","ping_status":"closed","sticky":false,"template":"","format":"standard","meta":{"footnotes":""},"categories":[6],"tags":[],"class_list":["post-22413","post","type-post","status-publish","format-standard","has-post-thumbnail","hentry","category-noticias"],"_links":{"self":[{"href":"https:\/\/www.sincomam.org.br\/index.php\/wp-json\/wp\/v2\/posts\/22413","targetHints":{"allow":["GET"]}}],"collection":[{"href":"https:\/\/www.sincomam.org.br\/index.php\/wp-json\/wp\/v2\/posts"}],"about":[{"href":"https:\/\/www.sincomam.org.br\/index.php\/wp-json\/wp\/v2\/types\/post"}],"author":[{"embeddable":true,"href":"https:\/\/www.sincomam.org.br\/index.php\/wp-json\/wp\/v2\/users\/1182"}],"replies":[{"embeddable":true,"href":"https:\/\/www.sincomam.org.br\/index.php\/wp-json\/wp\/v2\/comments?post=22413"}],"version-history":[{"count":1,"href":"https:\/\/www.sincomam.org.br\/index.php\/wp-json\/wp\/v2\/posts\/22413\/revisions"}],"predecessor-version":[{"id":22414,"href":"https:\/\/www.sincomam.org.br\/index.php\/wp-json\/wp\/v2\/posts\/22413\/revisions\/22414"}],"wp:featuredmedia":[{"embeddable":true,"href":"https:\/\/www.sincomam.org.br\/index.php\/wp-json\/wp\/v2\/media\/18837"}],"wp:attachment":[{"href":"https:\/\/www.sincomam.org.br\/index.php\/wp-json\/wp\/v2\/media?parent=22413"}],"wp:term":[{"taxonomy":"category","embeddable":true,"href":"https:\/\/www.sincomam.org.br\/index.php\/wp-json\/wp\/v2\/categories?post=22413"},{"taxonomy":"post_tag","embeddable":true,"href":"https:\/\/www.sincomam.org.br\/index.php\/wp-json\/wp\/v2\/tags?post=22413"}],"curies":[{"name":"wp","href":"https:\/\/api.w.org\/{rel}","templated":true}]}}