{"id":22364,"date":"2017-01-24T00:59:59","date_gmt":"2017-01-24T02:59:59","guid":{"rendered":"http:\/\/www.sincomam.org.br\/?p=22364"},"modified":"2017-01-23T20:21:45","modified_gmt":"2017-01-23T22:21:45","slug":"juiz-decreta-sigilo-em-investigacao-sobre-queda-de-aviao-que-levava-teori-zavascki","status":"publish","type":"post","link":"https:\/\/www.sincomam.org.br\/index.php\/juiz-decreta-sigilo-em-investigacao-sobre-queda-de-aviao-que-levava-teori-zavascki\/","title":{"rendered":"Juiz decreta sigilo em investiga\u00e7\u00e3o sobre queda de avi\u00e3o que levava Teori Zavascki"},"content":{"rendered":"<p>O juiz da 1\u00aa Vara Federal de Angra dos Reis, Raffaele Felice Pirro, decretou o sigilo das investiga\u00e7\u00f5es da Pol\u00edcia Federal e do Minist\u00e9rio P\u00fablico Federal sobre a queda do avi\u00e3o que levava o ministro do Supremo Tribunal Federal (STF) Teori Zavascki e outras quatro pessoas. A aeronave caiu em Paraty, no Sul-Fluminense, na \u00faltima quinta-feira. Nesta ter\u00e7a-feira, o Minist\u00e9rio P\u00fablico Federal e a Pol\u00edcia Federal v\u00e3o ouvir testemunhas do acidente.<\/p>\n<p>A procuradora Cristina Nascimento de Melo, do Minist\u00e9rio P\u00fablico Federal em Angra dos Reis, pediu \u00e0 Anac e ao comando da Aeron\u00e1utica documentos relativos \u00e0 manuten\u00e7\u00e3o da aeronave e grava\u00e7\u00f5es de conversa entre piloto e torre de controle.<\/p>\n<p>A Justi\u00e7a Federal de Angra dos Reis tamb\u00e9m determinou que a investiga\u00e7\u00e3o aconte\u00e7a no \u00e2mbito federal, de acordo com o G1. Al\u00e9m dos inqu\u00e9ritos abertos pela PF e pelo MPF, o Minist\u00e9rio P\u00fablico do Estado do Rio de Janeiro havia instaurado investiga\u00e7\u00e3o para apurar responsabilidades na queda do avi\u00e3o.<\/p>\n<p>Ao apontar a compet\u00eancia federal, o juiz Raffaele Felice Pirro lembrou que o Superior Tribunal de Justi\u00e7a (STJ) fez o mesmo durante as apura\u00e7\u00f5es do acidente do avi\u00e3o da Gol, em 2006, que bateu no ar com um jato da Legacy.<\/p>\n<p><strong>CAIXA-PRETA TEM DANO<\/strong><\/p>\n<p>Segundo o G1, o Centro de Investiga\u00e7\u00e3o e Preven\u00e7\u00e3o de Acidentes Aeron\u00e1uticos (Cenipa), ligado \u00e0 Aeron\u00e1utica, informou nesta segunda-feira que a caixa-preta do avi\u00e3o tem danos. No entanto, ela \u00e9 dividida em duas partes e a que cont\u00e9m o gravador de voz \u00e9 &#8220;altamente protegida&#8221;. A caixa-preta, que cont\u00e9m o gravador de voz, est\u00e1 em Bras\u00edlia desde o \u00faltimo s\u00e1bado.<\/p>\n<p>A Aeron\u00e1utica n\u00e3o informou se j\u00e1 identificou algum registro de voz no gravador ou se o contato com a \u00e1gua do mar o danificou.<\/p>\n<p>Al\u00e9m do ministro do STF, morreram no acidente o empres\u00e1rio Carlos Alberto Filgueiras, dono do Hotel Emiliano, o piloto Osmar Rodrigues, a massoterapeuta Maira Lidiane Panas Helatczuk, de 23 anos, e a m\u00e3e dela, Maria Ilda Panas, de 55 anos.<\/p>\n<p>Os destro\u00e7os do avi\u00e3o foram retirados no mar na noite de domingo e v\u00e3o seguir nesta segunda-feira em uma balsa para Angra dos Reis. De l\u00e1, as pe\u00e7as ser\u00e3o levadas de carreta para o Aeroporto Internacional Tom Jobim, no Rio, onde v\u00e3o passar por uma per\u00edcia feita pela Aeron\u00e1utica.<\/p>\n<p>Parte dos investigadores que atua no caso do acidente em Paraty trabalhou nas apura\u00e7\u00f5es sobre a morte do ex-governador Eduardo Campos\u00a0em um acidente a\u00e9reo em Santos (SP) em plena campanha presidencial de 2014. Na equipe da Pol\u00edcia Federal que foi deslocada pelo caso h\u00e1 integrantes que atuaram no epis\u00f3dio de 2014, mas a composi\u00e7\u00e3o n\u00e3o \u00e9 exatamente a mesma.<\/p>\n<p>Teori era relator da Lava-Jato no STF. Era ele quem homologava dela\u00e7\u00f5es premiadas que envolvessem pol\u00edticos com foro privilegiado, como ministros, deputados federais e senadores. As \u00faltimas dela\u00e7\u00f5es que estavam sendo analisadas por ele eram de executivos da Odebrecht.<\/p>\n<p>Fonte: G1<\/p>\n","protected":false},"excerpt":{"rendered":"<p>O juiz da 1\u00aa Vara Federal de Angra dos Reis, Raffaele Felice Pirro, decretou o sigilo das investiga\u00e7\u00f5es da Pol\u00edcia Federal e do Minist\u00e9rio P\u00fablico&#8230;<\/p>\n","protected":false},"author":1182,"featured_media":22365,"comment_status":"closed","ping_status":"closed","sticky":false,"template":"","format":"standard","meta":{"footnotes":""},"categories":[6],"tags":[],"class_list":["post-22364","post","type-post","status-publish","format-standard","has-post-thumbnail","hentry","category-noticias"],"_links":{"self":[{"href":"https:\/\/www.sincomam.org.br\/index.php\/wp-json\/wp\/v2\/posts\/22364","targetHints":{"allow":["GET"]}}],"collection":[{"href":"https:\/\/www.sincomam.org.br\/index.php\/wp-json\/wp\/v2\/posts"}],"about":[{"href":"https:\/\/www.sincomam.org.br\/index.php\/wp-json\/wp\/v2\/types\/post"}],"author":[{"embeddable":true,"href":"https:\/\/www.sincomam.org.br\/index.php\/wp-json\/wp\/v2\/users\/1182"}],"replies":[{"embeddable":true,"href":"https:\/\/www.sincomam.org.br\/index.php\/wp-json\/wp\/v2\/comments?post=22364"}],"version-history":[{"count":1,"href":"https:\/\/www.sincomam.org.br\/index.php\/wp-json\/wp\/v2\/posts\/22364\/revisions"}],"predecessor-version":[{"id":22366,"href":"https:\/\/www.sincomam.org.br\/index.php\/wp-json\/wp\/v2\/posts\/22364\/revisions\/22366"}],"wp:featuredmedia":[{"embeddable":true,"href":"https:\/\/www.sincomam.org.br\/index.php\/wp-json\/wp\/v2\/media\/22365"}],"wp:attachment":[{"href":"https:\/\/www.sincomam.org.br\/index.php\/wp-json\/wp\/v2\/media?parent=22364"}],"wp:term":[{"taxonomy":"category","embeddable":true,"href":"https:\/\/www.sincomam.org.br\/index.php\/wp-json\/wp\/v2\/categories?post=22364"},{"taxonomy":"post_tag","embeddable":true,"href":"https:\/\/www.sincomam.org.br\/index.php\/wp-json\/wp\/v2\/tags?post=22364"}],"curies":[{"name":"wp","href":"https:\/\/api.w.org\/{rel}","templated":true}]}}