{"id":22270,"date":"2017-01-16T00:21:45","date_gmt":"2017-01-16T02:21:45","guid":{"rendered":"http:\/\/www.sincomam.org.br\/?p=22270"},"modified":"2017-01-11T16:23:32","modified_gmt":"2017-01-11T18:23:32","slug":"inflacao-de-2016-fortalece-aposta-de-economistas-de-queda-maior-dos-juros","status":"publish","type":"post","link":"https:\/\/www.sincomam.org.br\/index.php\/inflacao-de-2016-fortalece-aposta-de-economistas-de-queda-maior-dos-juros\/","title":{"rendered":"Infla\u00e7\u00e3o de 2016 fortalece aposta de economistas de queda maior dos juros"},"content":{"rendered":"<div class=\"mc-column content-text active-extra-styles active-capital-letter\" data-block-type=\"unstyled\" data-block-weight=\"62\">\n<p class=\"content-text__container theme-color-primary-first-letter\" data-track-category=\"Link no Texto\" data-track-links=\"\">A forte desacelera\u00e7\u00e3o da infla\u00e7\u00e3o oficial fortalece a aposta dos economistas de que o Comit\u00ea de Pol\u00edtica Monet\u00e1ria (Copom) vai acelerar o ritmo de redu\u00e7\u00e3o da taxa b\u00e1sica de juros (Selic). Depois de duas redu\u00e7\u00f5es de 0,25 ponto, o grupo se re\u00fane nesta tarde, quando dever\u00e1 anunciar mais um corte. Hoje, os juros est\u00e3o em 13,75% ao ano.\u00a0\u00a0<\/p>\n<\/div>\n<div class=\"mc-column content-media content-media--normal\" data-block-type=\"backstage-photo\">\n<div class=\"content-media__container\" itemprop=\"image\" itemscope=\"\" itemtype=\"https:\/\/schema.org\/ImageObject\">\n<div class=\"content-media__image-centered\">\n<div class=\"progressive-img\">Rog\u00e9rio Mori, professor da Escola de Economia de S\u00e3o Paulo da Funda\u00e7\u00e3o Getulio Vargas (FGV), considera que a taxa Selic dever\u00e1 cair nesta quarta-feira e seguir ritmo ao longo do ano. Em 2016, a infla\u00e7\u00e3o fechou em 6,29%, abaixo do teto de metas em vigor no pa\u00eds. A estimativa mais recente dos economistas dizia que o IPCA chegaria no final do ano a 6,35%.\u00a0<\/div>\n<\/div>\n<\/div>\n<\/div>\n<div class=\"mc-column content-text active-extra-styles \" data-block-type=\"unstyled\" data-block-weight=\"80\">\n<p class=\"content-text__container \" data-track-category=\"Link no Texto\" data-track-links=\"\">\u201cA queda deve ficar em meio ponto percentual, o que levar\u00e1 a taxa Selic para 13,25% ao ano. Essa queda se alinha, de um lado, com a converg\u00eancia da infla\u00e7\u00e3o para o centro da meta, de 4,5%, e, por outro, com o debilitado ritmo da atividade econ\u00f4mica brasileira. Nesse sentido, a queda recente da infla\u00e7\u00e3o abriu espa\u00e7o para cortes na taxa de juros por parte do Banco Central, o que estimular\u00e1 a demanda e a produ\u00e7\u00e3o no m\u00e9dio prazo\u201d, diz.\u00a0<\/p>\n<\/div>\n<div class=\"mc-column content-text active-extra-styles \" data-block-type=\"unstyled\" data-block-weight=\"60\">\n<p class=\"content-text__container \" data-track-category=\"Link no Texto\" data-track-links=\"\">Segundo ele, se o comportamento da infla\u00e7\u00e3o for mesmo de queda e se a economia brasileira continuar debilitada, pode haver cortes mais agressivos na taxa b\u00e1sica de juros. \u201cH\u00e1 ainda o cen\u00e1rio externo, n\u00e3o sabemos como ser\u00e1 a economia americana com Donald Trump\u201d, diz. Segundo Mori, o mercado trabalha com taxa de juros de 10,5% at\u00e9 o final de 2017.\u00a0<\/p>\n<\/div>\n<div class=\"mc-column content-text active-extra-styles \" data-block-type=\"unstyled\" data-block-weight=\"85\">\n<p class=\"content-text__container \" data-track-category=\"Link no Texto\" data-track-links=\"\">Apesar da queda nos juros, Mori recomenda cautela para os consumidores. \u201cO ritmo da atividade econ\u00f4mica brasileira segue fraco e a tend\u00eancia do desemprego \u00e9 de eleva\u00e7\u00e3o no primeiro trimestre do ano. Nesse sentido, n\u00e3o \u00e9 recomend\u00e1vel que novas d\u00edvidas sejam assumidas nesse cen\u00e1rio. Ao mesmo tempo, a queda da Selic traz algum al\u00edvio marginal para quem est\u00e1 endividado, uma vez que as taxas de juros devem registrar algum recuo. De qualquer forma, o quadro atual inspira conservadorismo em termos de gastos e de d\u00edvidas&#8221;.\u00a0<\/p>\n<\/div>\n<div class=\"mc-column content-text active-extra-styles \" data-block-type=\"unstyled\" data-block-weight=\"53\">\n<p class=\"content-text__container \" data-track-category=\"Link no Texto\" data-track-links=\"\">Para o professor de finan\u00e7as da Funda\u00e7\u00e3o Instituto de Administra\u00e7\u00e3o (FIA), Alexandre Cabral, o &#8220;problema&#8221; da infla\u00e7\u00e3o est\u00e1 bem encaminhado, o que dever\u00e1 pressionar o Copom a baixar mais os juros.<\/p>\n<\/div>\n<div class=\"mc-column content-text active-extra-styles \" data-block-type=\"unstyled\" data-block-weight=\"50\">\n<p class=\"content-text__container \" data-track-category=\"Link no Texto\" data-track-links=\"\">O economista do Mackenzie Pedro Raffy Vartanian acha que a tend\u00eancia \u00e9 que a infla\u00e7\u00e3o convirja para a meta de 4,5% no decorrer deste ano, o que abre espa\u00e7o para o Banco Central reduzir mais a taxa de juros. \u201cAt\u00e9 porque a pol\u00edtica monet\u00e1ria j\u00e1 mostrou os resultados esperados\u201d, diz.\u00a0<\/p>\n<\/div>\n<div class=\"mc-column content-text active-extra-styles \" data-block-type=\"unstyled\" data-block-weight=\"58\">\n<p class=\"content-text__container \" data-track-category=\"Link no Texto\" data-track-links=\"\">Segundo ele, a manuten\u00e7\u00e3o de uma alta taxa de juros ao longo de 2016 ajudou na queda da infla\u00e7\u00e3o, pois impactou a atividade econ\u00f4mica, o cr\u00e9dito, os gastos dos consumidores e investimentos dos empres\u00e1rios em novos neg\u00f3cios. \u201cIsso gerou queda na demanda da economia, o que provocou queda nos pre\u00e7os. \u00c9 o efeito colateral da pol\u00edtica monet\u00e1ria\u201d, afirma.\u00a0<\/p>\n<\/div>\n<div class=\"mc-column content-text active-extra-styles \" data-block-type=\"unstyled\" data-block-weight=\"44\">\n<p class=\"content-text__container \" data-track-category=\"Link no Texto\" data-track-links=\"\">Para Vartanian, o processo de redu\u00e7\u00e3o da taxa de juros ser\u00e1 gradual. Sua aposta \u00e9 que a atividade econ\u00f4mica continuar\u00e1 enfraquecida neste primeiro semestre, com possibilidade de melhorar s\u00f3 a partir do segundo semestre e retomada um pouco mais contundente no ano que vem.\u00a0<\/p>\n<\/div>\n<div class=\"mc-column content-text active-extra-styles \" data-block-type=\"unstyled\" data-block-weight=\"18\">\n<p class=\"content-text__container \" data-track-category=\"Link no Texto\" data-track-links=\"\">Vartanian estima que a taxa de juros deve ficar entre 9% a 10,5% at\u00e9 o final do ano.\u00a0<\/p>\n<\/div>\n<div class=\"mc-column content-text active-extra-styles \" data-block-type=\"unstyled\" data-block-weight=\"51\">\n<p class=\"content-text__container \" data-track-category=\"Link no Texto\" data-track-links=\"\">Marcos Mollica, s\u00f3cio gestor de portf\u00f3lio da Rosenberg Investimentos, acha que o Copom vai acelerar o corte de juros em 2017, chegando muito pr\u00f3ximo de 10% no final do ano. \u201cVai depender de como evoluir\u00e1 a atividade econ\u00f4mica e se essa queda da infla\u00e7\u00e3o vai se confirmar no pr\u00f3ximo m\u00eas\u201d, diz.\u00a0<\/p>\n<\/div>\n<div class=\"mc-column content-text active-extra-styles \" data-block-type=\"unstyled\" data-block-weight=\"57\">\n<p class=\"content-text__container \" data-track-category=\"Link no Texto\" data-track-links=\"\">Para ele, a infla\u00e7\u00e3o de 2016 veio ligeiramente abaixo do que se esperava. Segundo Mollica, ajudaram muito no \u00edndice de dezembro o item alimenta\u00e7\u00e3o e principalmente o setor de servi\u00e7os, que vem apresentando desacelera\u00e7\u00e3o. \u201cAssim aumentam as chances de 2017 ter uma infla\u00e7\u00e3o que deve convergir para a meta de 4,5% at\u00e9 o final do ano\u201d, diz.\u00a0<\/p>\n<\/div>\n<div class=\"mc-column content-text active-extra-styles\" data-block-type=\"raw\" data-block-weight=\"1\">\n<div class=\"content-intertitle\">\n<h2>Cortes<\/h2>\n<\/div>\n<\/div>\n<div class=\"mc-column content-text active-extra-styles \" data-block-type=\"unstyled\" data-block-weight=\"62\">\n<p class=\"content-text__container \" data-track-category=\"Link no Texto\" data-track-links=\"\">Em outubro, o BC realizou o primeiro corte na Selic em quatro anos, quando ela passou de 14,25% para 14%. Em novembro, o comit\u00ea fez o segundo corte, e a taxa foi para 13,75%, patamar atual. O mercado espera que o Copom anuncie nesta quarta um corte mais agressivo, de 0,50 ponto percentual, o que levaria a Selic para 13,25% ao ano.\u00a0<\/p>\n<\/div>\n<div class=\"mc-column content-text active-extra-styles \" data-block-type=\"unstyled\" data-block-weight=\"84\">\n<p class=\"content-text__container \" data-track-category=\"Link no Texto\" data-track-links=\"\">Alguns economistas apostam num corte ainda maior, de 0,75 ponto percentual. Em relat\u00f3rio divulgado para clientes, o Ita\u00fa afirma que \u201ca queda na infla\u00e7\u00e3o corrente (mais intensa e difundida do que o esperado) e a perspectiva de retomada econ\u00f4mica ainda mais lenta do que se antecipava sugerem um corte mais agressivo na taxa de juros. Acreditamos que o Copom ir\u00e1 reduzir a Selic em 0,75 ponto percentual, que nos parece ser consistente com a sua comunica\u00e7\u00e3o atual, bem como com os \u00faltimos indicadores econ\u00f4micos\u201d.\u00a0<\/p>\n<\/div>\n<div class=\"mc-column content-text active-extra-styles\" data-block-type=\"raw\" data-block-weight=\"5\">\n<div class=\"content-intertitle\">\n<h2>Como \u00e9 a\u00e7\u00e3o do BC<\/h2>\n<\/div>\n<\/div>\n<div class=\"mc-column content-text active-extra-styles \" data-block-type=\"unstyled\" data-block-weight=\"34\">\n<p class=\"content-text__container \" data-track-category=\"Link no Texto\" data-track-links=\"\">O aumento dos juros, ou sua manuten\u00e7\u00e3o em um patamar elevado, \u00e9 o principal mecanismo usado pelo BC para frear a infla\u00e7\u00e3o. O objetivo \u00e9 encarecer o cr\u00e9dito e reduzir o consumo no pa\u00eds.\u00a0<\/p>\n<\/div>\n<div class=\"mc-column content-text active-extra-styles \" data-block-type=\"unstyled\" data-block-weight=\"33\">\n<p class=\"content-text__container \" data-track-category=\"Link no Texto\" data-track-links=\"\">Juros altos, no entanto, prejudicam a atividade econ\u00f4mica e, consequentemente, inibem a gera\u00e7\u00e3o de empregos. Quando o Banco Central julga que a infla\u00e7\u00e3o est\u00e1 compat\u00edvel com as metas preestabelecidas, pode baixar os juros.\u00a0<\/p>\n<\/div>\n<div class=\"mc-column content-text active-extra-styles \" data-block-type=\"unstyled\" data-block-weight=\"27\">\n<p class=\"content-text__container \" data-track-category=\"Link no Texto\" data-track-links=\"\">No mais recente Boletim Focus, os economistas ouvidos pelo Banco Central reduziram suas estimativas para a infla\u00e7\u00e3o. Para este ano, o mercado espera uma infla\u00e7\u00e3o de 4,81%.\u00a0<\/p>\n<\/div>\n<div class=\"mc-column content-text active-extra-styles \" data-block-type=\"unstyled\" data-block-weight=\"37\">\n<p class=\"content-text__container \" data-track-category=\"Link no Texto\" data-track-links=\"\">Para 2016, 2017 e 2018, a meta central \u00e9 de infla\u00e7\u00e3o em 4,5%. Entretanto, o sistema prev\u00ea um piso e um teto, que \u00e9 de infla\u00e7\u00e3o em 6,5%, em 2016, e em 6% em 2017 e 2018.<\/p>\n<p>Fonte: G1<\/p>\n<\/div>\n","protected":false},"excerpt":{"rendered":"<p>A forte desacelera\u00e7\u00e3o da infla\u00e7\u00e3o oficial fortalece a aposta dos economistas de que o Comit\u00ea de Pol\u00edtica Monet\u00e1ria (Copom) vai acelerar o ritmo de redu\u00e7\u00e3o&#8230;<\/p>\n","protected":false},"author":1182,"featured_media":18439,"comment_status":"closed","ping_status":"closed","sticky":false,"template":"","format":"standard","meta":{"footnotes":""},"categories":[6],"tags":[],"class_list":["post-22270","post","type-post","status-publish","format-standard","has-post-thumbnail","hentry","category-noticias"],"_links":{"self":[{"href":"https:\/\/www.sincomam.org.br\/index.php\/wp-json\/wp\/v2\/posts\/22270","targetHints":{"allow":["GET"]}}],"collection":[{"href":"https:\/\/www.sincomam.org.br\/index.php\/wp-json\/wp\/v2\/posts"}],"about":[{"href":"https:\/\/www.sincomam.org.br\/index.php\/wp-json\/wp\/v2\/types\/post"}],"author":[{"embeddable":true,"href":"https:\/\/www.sincomam.org.br\/index.php\/wp-json\/wp\/v2\/users\/1182"}],"replies":[{"embeddable":true,"href":"https:\/\/www.sincomam.org.br\/index.php\/wp-json\/wp\/v2\/comments?post=22270"}],"version-history":[{"count":1,"href":"https:\/\/www.sincomam.org.br\/index.php\/wp-json\/wp\/v2\/posts\/22270\/revisions"}],"predecessor-version":[{"id":22271,"href":"https:\/\/www.sincomam.org.br\/index.php\/wp-json\/wp\/v2\/posts\/22270\/revisions\/22271"}],"wp:featuredmedia":[{"embeddable":true,"href":"https:\/\/www.sincomam.org.br\/index.php\/wp-json\/wp\/v2\/media\/18439"}],"wp:attachment":[{"href":"https:\/\/www.sincomam.org.br\/index.php\/wp-json\/wp\/v2\/media?parent=22270"}],"wp:term":[{"taxonomy":"category","embeddable":true,"href":"https:\/\/www.sincomam.org.br\/index.php\/wp-json\/wp\/v2\/categories?post=22270"},{"taxonomy":"post_tag","embeddable":true,"href":"https:\/\/www.sincomam.org.br\/index.php\/wp-json\/wp\/v2\/tags?post=22270"}],"curies":[{"name":"wp","href":"https:\/\/api.w.org\/{rel}","templated":true}]}}