{"id":22268,"date":"2017-01-16T01:00:13","date_gmt":"2017-01-16T03:00:13","guid":{"rendered":"http:\/\/www.sincomam.org.br\/?p=22268"},"modified":"2017-01-11T15:45:48","modified_gmt":"2017-01-11T17:45:48","slug":"se-preparem-porque-se-necessario-eu-serei-candidato-a-presidencia-diz-lula","status":"publish","type":"post","link":"https:\/\/www.sincomam.org.br\/index.php\/se-preparem-porque-se-necessario-eu-serei-candidato-a-presidencia-diz-lula\/","title":{"rendered":"&#8216;Se preparem, porque, se necess\u00e1rio, eu serei candidato \u00e0 Presid\u00eancia&#8217;, diz Lula"},"content":{"rendered":"<p>Em seu primeiro ato p\u00fablico do ano, o ex-presidente Luiz In\u00e1cio Lula<strong>\u00a0<\/strong>da Silva (PT) afirmou que se necess\u00e1rio vai ser candidato a presidente\u00a0da Rep\u00fablica. A declara\u00e7\u00e3o foi dada durante o 29\u00ba Encontro Estadual do MST (Movimento dos Trabalhadores Rurais Sem Terra), em Salvador, na Bahia.<\/p>\n<p>&#8220;Se preparem, porque, se necess\u00e1rio, eu serei candidato \u00e0 Presid\u00eancia. Se eu for candidato, \u00e9 para a gente ganhar as elei\u00e7\u00f5es desse pa\u00eds&#8221;, disse Lula, a uma plateia que usava bon\u00e9s vermelhos com a inscri\u00e7\u00e3o &#8220;Estamos com Lula&#8221;.<\/p>\n<p>Mais cedo, no mesmo evento, o presidente nacional do PT, Rui Falc\u00e3o, afirmou que o partido ainda n\u00e3o tomou a decis\u00e3o sobre uma eventual candidatura do ex-presidente, mas que ele \u00e9 &#8220;aspira\u00e7\u00e3o nacional&#8221;.<\/p>\n<div class=\"componente_materia\">\n<div class=\"intertitulo\"><strong>Gritos de apoio<\/strong><\/div>\n<\/div>\n<p>Durante o discurso, Lula era interrompido pelo p\u00fablico com o grito &#8220;Brasil pra frente, Lula presidente&#8221;. O ex-presidente da Rep\u00fablica disse ainda que durante este ano vai andar pelo Pa\u00eds para recuperar a imagem do PT e sua pr\u00f3pria imagem. Ele voltou a afirmar que a legenda est\u00e1 sendo criminalizada pela m\u00eddia e pela Justi\u00e7a.<\/p>\n<p>Lula defendeu que todos que queiram ser candidatos tenham esse direito. &#8220;Se o Temer quer ser, \u00f3timo, se o Serra quer ser, \u00f3timo, se o Moro quer ser, \u00f3timo, se os delegados querem ser, todo mudo que quer ser candidato tem direito, entre num partido e v\u00e1 para as ruas&#8221;, afirmou.<\/p>\n<div class=\"componente_materia\">\n<div class=\"intertitulo\"><strong>Defesa do crescimento<\/strong><\/div>\n<\/div>\n<p>O ex-presidente fez um discurso defendendo que o Pa\u00eds volte a crescer atrav\u00e9s de investimentos do governo. &#8220;O \u00fanico jeito desse pa\u00eds voltar a crescer \u00e9 o Estado investir, pode mexer no compuls\u00f3rio, pode aumentar a d\u00edvida. A melhor forma de diminui a d\u00edvida com propor\u00e7\u00e3o do PIB, \u00e9 fazer o PIB crescer&#8221;, afirmou. Lula destacou que o Brasil precisa fazer a reforma agr\u00e1ria e voltar a usar os bancos p\u00fablicos para financiar a agricultura familiar, os pequenos empres\u00e1rios e os consumidores.<\/p>\n<p>Fonte: G1<\/p>\n","protected":false},"excerpt":{"rendered":"<p>Em seu primeiro ato p\u00fablico do ano, o ex-presidente Luiz In\u00e1cio Lula\u00a0da Silva (PT) afirmou que se necess\u00e1rio vai ser candidato a presidente\u00a0da Rep\u00fablica. A&#8230;<\/p>\n","protected":false},"author":1182,"featured_media":18583,"comment_status":"closed","ping_status":"closed","sticky":false,"template":"","format":"standard","meta":{"footnotes":""},"categories":[6],"tags":[],"class_list":["post-22268","post","type-post","status-publish","format-standard","has-post-thumbnail","hentry","category-noticias"],"_links":{"self":[{"href":"https:\/\/www.sincomam.org.br\/index.php\/wp-json\/wp\/v2\/posts\/22268","targetHints":{"allow":["GET"]}}],"collection":[{"href":"https:\/\/www.sincomam.org.br\/index.php\/wp-json\/wp\/v2\/posts"}],"about":[{"href":"https:\/\/www.sincomam.org.br\/index.php\/wp-json\/wp\/v2\/types\/post"}],"author":[{"embeddable":true,"href":"https:\/\/www.sincomam.org.br\/index.php\/wp-json\/wp\/v2\/users\/1182"}],"replies":[{"embeddable":true,"href":"https:\/\/www.sincomam.org.br\/index.php\/wp-json\/wp\/v2\/comments?post=22268"}],"version-history":[{"count":1,"href":"https:\/\/www.sincomam.org.br\/index.php\/wp-json\/wp\/v2\/posts\/22268\/revisions"}],"predecessor-version":[{"id":22269,"href":"https:\/\/www.sincomam.org.br\/index.php\/wp-json\/wp\/v2\/posts\/22268\/revisions\/22269"}],"wp:featuredmedia":[{"embeddable":true,"href":"https:\/\/www.sincomam.org.br\/index.php\/wp-json\/wp\/v2\/media\/18583"}],"wp:attachment":[{"href":"https:\/\/www.sincomam.org.br\/index.php\/wp-json\/wp\/v2\/media?parent=22268"}],"wp:term":[{"taxonomy":"category","embeddable":true,"href":"https:\/\/www.sincomam.org.br\/index.php\/wp-json\/wp\/v2\/categories?post=22268"},{"taxonomy":"post_tag","embeddable":true,"href":"https:\/\/www.sincomam.org.br\/index.php\/wp-json\/wp\/v2\/tags?post=22268"}],"curies":[{"name":"wp","href":"https:\/\/api.w.org\/{rel}","templated":true}]}}