{"id":22264,"date":"2017-01-16T00:00:28","date_gmt":"2017-01-16T02:00:28","guid":{"rendered":"http:\/\/www.sincomam.org.br\/?p=22264"},"modified":"2017-01-11T15:41:37","modified_gmt":"2017-01-11T17:41:37","slug":"vou-ser-o-maior-produtor-de-empregos-que-deus-ja-criou-diz-trump-em-primeira-coletiva-apos-eleicao","status":"publish","type":"post","link":"https:\/\/www.sincomam.org.br\/index.php\/vou-ser-o-maior-produtor-de-empregos-que-deus-ja-criou-diz-trump-em-primeira-coletiva-apos-eleicao\/","title":{"rendered":"&#8216;Vou ser o maior produtor de empregos que Deus j\u00e1 criou&#8217;, diz Trump em primeira coletiva ap\u00f3s elei\u00e7\u00e3o"},"content":{"rendered":"<div class=\"mc-column content-text active-extra-styles active-capital-letter\" data-block-type=\"unstyled\" data-block-weight=\"31\">\n<p class=\"content-text__container theme-color-primary-first-letter\" data-track-category=\"Link no Texto\" data-track-links=\"\">O presidente eleito dos EUA, Donald Trump, disse em sua primeira entrevista coletiva ap\u00f3s a elei\u00e7\u00e3o, que vai ser &#8220;o maior produtor de empregos que Deus j\u00e1 criou&#8221;.\u00a0<\/p>\n<\/div>\n<div class=\"mc-column content-text active-extra-styles \" data-block-type=\"unstyled\" data-block-weight=\"45\">\n<p class=\"content-text__container \" data-track-category=\"Link no Texto\" data-track-links=\"\">Ele afirmou que nas \u00faltimas semanas esteve muito ativo trabalhando pelo governo, principalmente no setor econ\u00f4mico, e que haver\u00e1 grandes not\u00edcias na pr\u00f3xima semana no setor automotivo, com a constru\u00e7\u00e3o de uma grande f\u00e1brica. Disse tamb\u00e9m que \u00e9 preciso reativar a ind\u00fastria farmac\u00eautica do pa\u00eds.\u00a0<\/p>\n<\/div>\n<div class=\"mc-column content-text active-extra-styles \" data-block-type=\"unstyled\" data-block-weight=\"25\">\n<p class=\"content-text__container \" data-track-category=\"Link no Texto\" data-track-links=\"\">Trump afirmou que se a elei\u00e7\u00e3o n\u00e3o tivesse ocorrido como foi, muitas empresas n\u00e3o estariam voltando para os EUA e estariam construindo em outros pa\u00edses.\u00a0<\/p>\n<\/div>\n<div class=\"mc-column content-text active-extra-styles \" data-block-type=\"unstyled\" data-block-weight=\"83\">\n<p class=\"content-text__container \" data-track-category=\"Link no Texto\" data-track-links=\"\">Segundo o presidente eleito, durante seu mandato, se as empresas quiserem se mudar dos EUA para o M\u00e9xico e demitir seus funcion\u00e1rios em estados americanos, elas ter\u00e3o que pagar altos impostos para vender produtos nos EUA. Trump disse que h\u00e1 muitos estados no pa\u00eds e que as companhias podem se mudar dentro deles. &#8220;Eu n\u00e3o ligo, desde que seja dentro das fronteiras dos EUA.&#8221; Para ele, se os pol\u00edticos tivessem feito isso anos atr\u00e1s, haveria milh\u00f5es de empregos a mais no pa\u00eds atualmente.\u00a0<\/p>\n<\/div>\n<div class=\"mc-column content-text active-extra-styles \" data-block-type=\"unstyled\" data-block-weight=\"69\">\n<p class=\"content-text__container \" data-track-category=\"Link no Texto\" data-track-links=\"\">Sobre sua proposta de fazer um muro na fronteira entre os EUA e M\u00e9xico, ele reiterou: &#8220;Vamos construir o muro&#8221;. Ele disse que n\u00e3o quer esperar por uma negocia\u00e7\u00e3o com o M\u00e9xico, que pode durar mais de um ano, para come\u00e7ar a construir, e voltou a afirmar que o pa\u00eds vizinho ir\u00e1 reembolsar os EUA pela constru\u00e7\u00e3o. Ele disse ainda que respeita o governo e o povo do M\u00e9xico.\u00a0<\/p>\n<\/div>\n<div class=\"mc-column content-text active-extra-styles\" data-block-type=\"raw\" data-block-weight=\"1\">\n<div class=\"content-intertitle\">\n<h2>R\u00fassia<\/h2>\n<\/div>\n<\/div>\n<div class=\"mc-column content-text active-extra-styles \" data-block-type=\"unstyled\" data-block-weight=\"73\">\n<p class=\"content-text__container \" data-track-category=\"Link no Texto\" data-track-links=\"\">Questionado sobre uma poss\u00edvel a\u00e7\u00e3o hacker da R\u00fassia nos EUA, Trump disse que os americanos sofrem ataques hackers de outros pa\u00edses tamb\u00e9m, incluindo a China. Ele disse que respeita o fato de o presidente russo Vladimir Putin ter se posicionado sobre o assunto. O magnata tamb\u00e9m foi questionado sobre uma poss\u00edvel ajuda de Putin para ser eleito. &#8220;Se Putin gosta de Donald Trump, eu considero isso como um ativo, n\u00e3o como um problema.&#8221;\u00a0<\/p>\n<\/div>\n<div class=\"mc-column content-text active-extra-styles \" data-block-type=\"unstyled\" data-block-weight=\"25\">\n<p class=\"content-text__container \" data-track-category=\"Link no Texto\" data-track-links=\"\">Ele disse tamb\u00e9m que a R\u00fassia ser\u00e1 tratada com muito mais respeito por parte dos EUA quando ele a governar do que quando outros governaram.\u00a0<\/p>\n<\/div>\n<div class=\"mc-column content-text active-extra-styles \" data-block-type=\"unstyled\" data-block-weight=\"58\">\n<p class=\"content-text__container \" data-track-category=\"Link no Texto\" data-track-links=\"\">O magnata voltou a dizer que n\u00e3o tem liga\u00e7\u00f5es ou neg\u00f3cios na R\u00fassia, nem empr\u00e9stimos. &#8220;Poder\u00edamos fazer neg\u00f3cios com a R\u00fassia facilmente se eu quisesse&#8221;, disse, acrescentando que optou por n\u00e3o seguir esse caminho por saber que seria questionado. Ele apresentou uma pilha de documentos que, segundo ele, apontam sua recusa em fazer neg\u00f3cios no pa\u00eds de Putin.\u00a0<\/p>\n<\/div>\n<div class=\"mc-column content-text active-extra-styles \" data-block-type=\"unstyled\" data-block-weight=\"40\">\n<p class=\"content-text__container \" data-track-category=\"Link no Texto\" data-track-links=\"\">Antes do in\u00edcio da coletiva, um representante de Trump disse que a publica\u00e7\u00e3o de documentos que apontam que a R\u00fassia tem informa\u00e7\u00f5es comprometedoras sobre o magnata foi irrespons\u00e1vel, e uma &#8220;tentativa triste de conseguir cliques&#8221; por parte da imprensa americana.\u00a0<\/p>\n<\/div>\n<div class=\"mc-column content-text active-extra-styles \" data-block-type=\"unstyled\" data-block-weight=\"34\">\n<p class=\"content-text__container \" data-track-category=\"Link no Texto\" data-track-links=\"\">O relat\u00f3rio que vazou nos EUA cita &#8216;atividades sexuais pervertidas&#8217; e diz que presidente eleito recebia informa\u00e7\u00f5es de espionagens do Kremlin. No Twitter, Trump afirmou que &#8220;not\u00edcias falsas&#8221; s\u00e3o uma &#8220;ca\u00e7a \u00e0s bruxas pol\u00edtica&#8221;.\u00a0<\/p>\n<\/div>\n<div class=\"mc-column content-text active-extra-styles \" data-block-type=\"unstyled\" data-block-weight=\"20\">\n<p class=\"content-text__container \" data-track-category=\"Link no Texto\" data-track-links=\"\">Na entrevista, Trump voltou a dizer que os documentos que vazaram s\u00e3o falsos e que foram encomendados por rivais seus.\u00a0<\/p>\n<\/div>\n<div class=\"mc-column content-text active-extra-styles \" data-block-type=\"unstyled\" data-block-weight=\"41\">\n<p class=\"content-text__container \" data-track-category=\"Link no Texto\" data-track-links=\"\">Trump disse que os agentes de intelig\u00eancia s\u00e3o &#8220;vitais e muito importantes&#8221;, mas que o vazamento de relat\u00f3rios secretos para a imprensa \u00e9 ilegal. Ele afirmou que em 90 dias ir\u00e1 apresentar um grande relat\u00f3rio sobre como se defender de hackers.\u00a0<\/p>\n<\/div>\n<div class=\"mc-column content-text active-extra-styles \" data-block-type=\"unstyled\" data-block-weight=\"32\">\n<p class=\"content-text__container \" data-track-category=\"Link no Texto\" data-track-links=\"\">Trump disse que est\u00e1 muito orgulhoso da equipe que vem formando e que quer estar cercado pelas melhores pessoas. Segundo ele, o pa\u00eds tem perdido muito recentemente. &#8220;N\u00e3o fazemos mais bons neg\u00f3cios.&#8221;\u00a0<\/p>\n<\/div>\n<div class=\"mc-column content-text active-extra-styles \" data-block-type=\"unstyled\" data-block-weight=\"64\">\n<p class=\"content-text__container \" data-track-category=\"Link no Texto\" data-track-links=\"\">Questionado sobre o sistema de sa\u00fade dos EUA, o presidente eleito disse que o Obamacare &#8211; pol\u00edtica de Obama para a \u00e1rea &#8211; \u00e9 um &#8220;desastre completo e total&#8221;, e que todos ficar\u00e3o orgulhosos do que ele ir\u00e1 fazer com o cuidado de sa\u00fade no pa\u00eds. Ele disse que, assim que seu secret\u00e1rio de Sa\u00fade for aprovado, ser\u00e1 apresentado um substituto para o Obamacare.\u00a0<\/p>\n<\/div>\n<div class=\"mc-column content-text active-extra-styles\" data-block-type=\"raw\" data-block-weight=\"2\">\n<div class=\"content-intertitle\">\n<h2>Empresas pessoais<\/h2>\n<\/div>\n<\/div>\n<div class=\"mc-column content-text active-extra-styles \" data-block-type=\"unstyled\" data-block-weight=\"51\">\n<p class=\"content-text__container \" data-track-category=\"Link no Texto\" data-track-links=\"\">Trump disse ainda que no fim de semana recebeu uma oferta de US$ 2 bilh\u00f5es para fazer um neg\u00f3cio em Dubai e que a recusou. &#8220;Eu n\u00e3o precisaria ter recusado, porque como voc\u00eas sabem, eu n\u00e3o tenho conflitos de interesse por ser presidente. Mas eu n\u00e3o quero tomar vantagem de nada.&#8221;\u00a0<\/p>\n<\/div>\n<div class=\"mc-column content-text active-extra-styles \" data-block-type=\"unstyled\" data-block-weight=\"37\">\n<p class=\"content-text__container \" data-track-category=\"Link no Texto\" data-track-links=\"\">Sobre suas empresas, ele disse que seus dois filhos, Eric e Donald Jr., v\u00e3o tocar os neg\u00f3cios nas organiza\u00e7\u00f5es com seu nome durante seu per\u00edodo como presidente, e que eles n\u00e3o ir\u00e3o discutir suas decis\u00f5es com ele.\u00a0<\/p>\n<\/div>\n<div class=\"mc-column content-text active-extra-styles \" data-block-type=\"unstyled\" data-block-weight=\"75\">\n<p class=\"content-text__container \" data-track-category=\"Link no Texto\" data-track-links=\"\">Sheri Dillon, advogada de Trump, tamb\u00e9m falou sobre o afastamento dele de seus neg\u00f3cios pessoais durante a entrevista coletiva, afirmando que a medida vai causar consider\u00e1vel perda financeira, mas foi tomada para deixar claro que ele n\u00e3o est\u00e1 utilizando a presid\u00eancia em benef\u00edcio de seus neg\u00f3cios pessoais. Ela lembrou que a Constitui\u00e7\u00e3o n\u00e3o requer que o presidente eleito fa\u00e7a nada em rela\u00e7\u00e3o a seus neg\u00f3cios, mas que ele quer fazer mais do que o necess\u00e1rio.\u00a0<\/p>\n<\/div>\n<div class=\"mc-column content-text active-extra-styles \" data-block-type=\"unstyled\" data-block-weight=\"43\">\n<p class=\"content-text__container \" data-track-category=\"Link no Texto\" data-track-links=\"\">Dillon disse que neg\u00f3cios com outros pa\u00edses n\u00e3o ser\u00e3o feitos pela empresa de Trump durante seu governo, e que neg\u00f3cios internos, dentro dos EUA, ser\u00e3o analisadas para evitar conflitos. Disse ainda que o magnata ir\u00e1 doar ao Tesouro americano lucros de seus hot\u00e9is.\u00a0<\/p>\n<\/div>\n<div class=\"mc-column content-text active-extra-styles \" data-block-type=\"unstyled\" data-block-weight=\"30\">\n<p class=\"content-text__container \" data-track-category=\"Link no Texto\" data-track-links=\"\">No in\u00edcio de sua fala, Trump disse que parou de dar entrevistas coletivas porque estavam sendo publicadas not\u00edcias incorretas, mas agradeceu a presen\u00e7a dos jornalistas e das equipes de imprensa.\u00a0<\/p>\n<\/div>\n<div class=\"mc-column content-text active-extra-styles \" data-block-type=\"unstyled\" data-block-weight=\"42\">\n<p class=\"content-text__container \" data-track-category=\"Link no Texto\" data-track-links=\"\">Antes de Trump, seu vice, Mike Pence, disse que Trump &#8220;far\u00e1 a Am\u00e9rica grande novamente&#8221;. Pence disse que sempre foi apoiador de uma imprensa livre, mas que para isso \u00e9 preciso responsabilidade. Ele tamb\u00e9m criticou a publica\u00e7\u00e3o de documentos, segundo ele, falsos.\u00a0<\/p>\n<\/div>\n<div class=\"mc-column content-text active-extra-styles \" data-block-type=\"unstyled\" data-block-weight=\"9\">\n<p class=\"content-text__container \" data-track-category=\"Link no Texto\" data-track-links=\"\">Trump vai tomar posse no dia 20 de janeiro.\u00a0<\/p>\n<div>Fonte: G1<\/div>\n<\/div>\n<div class=\"mc-column comments\">\n<div id=\"boxComentarios\" class=\"glbComentarios\"><\/div>\n<\/div>\n","protected":false},"excerpt":{"rendered":"<p>O presidente eleito dos EUA, Donald Trump, disse em sua primeira entrevista coletiva ap\u00f3s a elei\u00e7\u00e3o, que vai ser &#8220;o maior produtor de empregos que&#8230;<\/p>\n","protected":false},"author":1182,"featured_media":21483,"comment_status":"closed","ping_status":"closed","sticky":false,"template":"","format":"standard","meta":{"footnotes":""},"categories":[6],"tags":[],"class_list":["post-22264","post","type-post","status-publish","format-standard","has-post-thumbnail","hentry","category-noticias"],"_links":{"self":[{"href":"https:\/\/www.sincomam.org.br\/index.php\/wp-json\/wp\/v2\/posts\/22264","targetHints":{"allow":["GET"]}}],"collection":[{"href":"https:\/\/www.sincomam.org.br\/index.php\/wp-json\/wp\/v2\/posts"}],"about":[{"href":"https:\/\/www.sincomam.org.br\/index.php\/wp-json\/wp\/v2\/types\/post"}],"author":[{"embeddable":true,"href":"https:\/\/www.sincomam.org.br\/index.php\/wp-json\/wp\/v2\/users\/1182"}],"replies":[{"embeddable":true,"href":"https:\/\/www.sincomam.org.br\/index.php\/wp-json\/wp\/v2\/comments?post=22264"}],"version-history":[{"count":1,"href":"https:\/\/www.sincomam.org.br\/index.php\/wp-json\/wp\/v2\/posts\/22264\/revisions"}],"predecessor-version":[{"id":22265,"href":"https:\/\/www.sincomam.org.br\/index.php\/wp-json\/wp\/v2\/posts\/22264\/revisions\/22265"}],"wp:featuredmedia":[{"embeddable":true,"href":"https:\/\/www.sincomam.org.br\/index.php\/wp-json\/wp\/v2\/media\/21483"}],"wp:attachment":[{"href":"https:\/\/www.sincomam.org.br\/index.php\/wp-json\/wp\/v2\/media?parent=22264"}],"wp:term":[{"taxonomy":"category","embeddable":true,"href":"https:\/\/www.sincomam.org.br\/index.php\/wp-json\/wp\/v2\/categories?post=22264"},{"taxonomy":"post_tag","embeddable":true,"href":"https:\/\/www.sincomam.org.br\/index.php\/wp-json\/wp\/v2\/tags?post=22264"}],"curies":[{"name":"wp","href":"https:\/\/api.w.org\/{rel}","templated":true}]}}