{"id":22251,"date":"2017-01-13T00:49:25","date_gmt":"2017-01-13T02:49:25","guid":{"rendered":"http:\/\/www.sincomam.org.br\/?p=22251"},"modified":"2017-01-07T11:51:17","modified_gmt":"2017-01-07T13:51:17","slug":"pt-ignora-golpe-e-deve-apoiar-nomes-de-temer-para-senado-e-camara","status":"publish","type":"post","link":"https:\/\/www.sincomam.org.br\/index.php\/pt-ignora-golpe-e-deve-apoiar-nomes-de-temer-para-senado-e-camara\/","title":{"rendered":"PT ignora &#8216;golpe&#8217; e deve apoiar nomes de Temer para Senado e C\u00e2mara"},"content":{"rendered":"<p><span>Ap\u00f3s perder milhares de cargos comissionados em todo o pa\u00eds com o impeachment de Dilma Rousseff e com a sa\u00edda de cerca de 350 prefeitos, o PT pretende passar por cima do discurso de golpe e apoiar candidatos da base de Michel Temer \u00e0 presid\u00eancia da C\u00e2mara e do Senado.<\/span><\/p>\n<p><span>A ideia \u00e9 ter aliados em cargos ligados \u00e0s vagas que devem ser ocupadas pelo partido nas Mesas Diretoras das duas Casas. O n\u00famero pode chegar a 88.<\/span><\/p>\n<p><span>No ano passado, o partido perdeu os cargos atrelados \u00e0s lideran\u00e7as do governo no Senado e no Congresso e agora deve apoiar Eun\u00edcio Oliveira (PMDB-CE) para garantir uma posi\u00e7\u00e3o na Mesa Diretora.<\/span><\/p>\n<p><span>Os petistas n\u00e3o querem repetir o erro cometido em 2015 na C\u00e2mara, quando a sigla lan\u00e7ou candidato pr\u00f3prio, perdeu para Eduardo Cunha (PMDB-RJ) e ficou fora do centro de decis\u00f5es da Casa.<\/span><\/p>\n<p><span>At\u00e9 o final do m\u00eas, o PT mant\u00e9m suas duas posi\u00e7\u00f5es na Mesa. Atualmente, Jorge Viana (AC) ocupa a primeira vice-presid\u00eancia e \u00c2ngela Portela (RR), a quarta secretaria, com cinco e 13 indica\u00e7\u00f5es, respectivamente.<\/span><\/p>\n<p><span>A Folha apurou que, para justificar o apoio, petistas pretendem dizer que n\u00e3o referendam o nome de Eun\u00edcio, mas apenas seguem o regimento interno do Senado, segundo o qual, sempre que poss\u00edvel, deve-se respeitar a proporcionalidade na forma\u00e7\u00e3o da Mesa. Por essa l\u00f3gica, a presid\u00eancia cabe \u00e0 maior bancada, no caso, o PMDB, que tem 19 senadores.<\/span><\/p>\n<p><span>Em troca do apoio, Eun\u00edcio ofereceu ao PT a primeira-secretaria, uma esp\u00e9cie de prefeitura da Casa. Ao titular caber\u00e1 administrar em 2017 um or\u00e7amento de pouco mais de R$ 4 bilh\u00f5es e a indica\u00e7\u00e3o de 12 a 55 cargos comissionados.<\/span><\/p>\n<p><span>Os senadores pretendem indicar Jos\u00e9 Pimentel (CE) para ocupar o posto.<\/span><\/p>\n<p><span>A negocia\u00e7\u00e3o visa manter o PT longe dos cargos mais altos da Mesa depois do susto pelo qual o PMDB passou no fim do ano passado, quando Renan Calheiros (PMDB-AL) ficou na imin\u00eancia de perder a presid\u00eancia e deix\u00e1-la na m\u00e3o de um petista.<\/span><\/p>\n<p><span>A parceria entre governo e oposi\u00e7\u00e3o, no entanto, n\u00e3o \u00e9 consenso no partido. Petistas relatam focos de resist\u00eancia na bancada, como os senadores Lindbergh Farias (RJ) e Gleisi Hoffmann (PR). Ambos n\u00e3o atenderam \u00e0s liga\u00e7\u00f5es da reportagem. Caso n\u00e3o se conven\u00e7am at\u00e9 o final de janeiro, v\u00e9spera do pleito, o presidente do partido, Rui Falc\u00e3o, e o ex-presidente Lula podem entrar em campo.<\/span><\/p>\n<p><strong>SAL\u00c3O VERDE \u2014\u00a0<\/strong><span>No outro lado do Congresso, o PT deve apoiar a reelei\u00e7\u00e3o de Rodrigo Maia (DEM-RJ) para a presid\u00eancia da C\u00e2mara, em detrimento do \u00fanico candidato oposicionista, Andr\u00e9 Figueiredo (PDT-CE).<\/span><\/p>\n<p><span>Alguns petistas defendem apoiar inicialmente Figueiredo para n\u00e3o votar logo de in\u00edcio em um candidato do DEM, um dos principais fiadores do impeachment de Dilma. Falam ainda em reconhecer a lealdade do PDT at\u00e9 a queda da petista. A ala mais pragm\u00e1tica, contudo, n\u00e3o quer arriscar ficar sem cargos e defende estar com Maia j\u00e1 no primeiro turno.<\/span><\/p>\n<p><span>A decis\u00e3o final ser\u00e1 tomada em reuni\u00e3o no pr\u00f3ximo dia 17, mas petistas j\u00e1 negociam a segunda secretaria da Casa, que trata de est\u00e1gios, pr\u00eamios conferidos pela C\u00e2mara e da emiss\u00e3o de passaportes diplom\u00e1ticos para deputados. O cargo permite nomear 33 comissionados.<\/span><\/p>\n<p><span>A elei\u00e7\u00e3o no Senado est\u00e1 agendada para 1\u00ba de fevereiro. Na C\u00e2mara, a vota\u00e7\u00e3o acontece no dia seguinte.<\/p>\n<p>Fonte: Folha de S\u00e3o Paulo<\/span><\/p>\n","protected":false},"excerpt":{"rendered":"<p>Ap\u00f3s perder milhares de cargos comissionados em todo o pa\u00eds com o impeachment de Dilma Rousseff e com a sa\u00edda de cerca de 350 prefeitos,&#8230;<\/p>\n","protected":false},"author":1182,"featured_media":18462,"comment_status":"closed","ping_status":"closed","sticky":false,"template":"","format":"standard","meta":{"footnotes":""},"categories":[6],"tags":[],"class_list":["post-22251","post","type-post","status-publish","format-standard","has-post-thumbnail","hentry","category-noticias"],"_links":{"self":[{"href":"https:\/\/www.sincomam.org.br\/index.php\/wp-json\/wp\/v2\/posts\/22251","targetHints":{"allow":["GET"]}}],"collection":[{"href":"https:\/\/www.sincomam.org.br\/index.php\/wp-json\/wp\/v2\/posts"}],"about":[{"href":"https:\/\/www.sincomam.org.br\/index.php\/wp-json\/wp\/v2\/types\/post"}],"author":[{"embeddable":true,"href":"https:\/\/www.sincomam.org.br\/index.php\/wp-json\/wp\/v2\/users\/1182"}],"replies":[{"embeddable":true,"href":"https:\/\/www.sincomam.org.br\/index.php\/wp-json\/wp\/v2\/comments?post=22251"}],"version-history":[{"count":1,"href":"https:\/\/www.sincomam.org.br\/index.php\/wp-json\/wp\/v2\/posts\/22251\/revisions"}],"predecessor-version":[{"id":22252,"href":"https:\/\/www.sincomam.org.br\/index.php\/wp-json\/wp\/v2\/posts\/22251\/revisions\/22252"}],"wp:featuredmedia":[{"embeddable":true,"href":"https:\/\/www.sincomam.org.br\/index.php\/wp-json\/wp\/v2\/media\/18462"}],"wp:attachment":[{"href":"https:\/\/www.sincomam.org.br\/index.php\/wp-json\/wp\/v2\/media?parent=22251"}],"wp:term":[{"taxonomy":"category","embeddable":true,"href":"https:\/\/www.sincomam.org.br\/index.php\/wp-json\/wp\/v2\/categories?post=22251"},{"taxonomy":"post_tag","embeddable":true,"href":"https:\/\/www.sincomam.org.br\/index.php\/wp-json\/wp\/v2\/tags?post=22251"}],"curies":[{"name":"wp","href":"https:\/\/api.w.org\/{rel}","templated":true}]}}