{"id":22249,"date":"2017-01-13T01:00:25","date_gmt":"2017-01-13T03:00:25","guid":{"rendered":"http:\/\/www.sincomam.org.br\/?p=22249"},"modified":"2017-01-07T11:49:21","modified_gmt":"2017-01-07T13:49:21","slug":"com-importacoes-fracas-superavit-e-o-maior-da-historia-em-2016","status":"publish","type":"post","link":"https:\/\/www.sincomam.org.br\/index.php\/com-importacoes-fracas-superavit-e-o-maior-da-historia-em-2016\/","title":{"rendered":"Com importa\u00e7\u00f5es fracas, superavit \u00e9 o maior da hist\u00f3ria em 2016"},"content":{"rendered":"<p>Com as importa\u00e7\u00f5es caindo quase cinco vezes mais que as exporta\u00e7\u00f5es em rela\u00e7\u00e3o a 2015, a balan\u00e7a comercial do ano passado foi positiva em US$ 47,7 bilh\u00f5es, o maior superavit da hist\u00f3ria.<\/p>\n<p>Como reflexo da crise em 2016, tanto as compras de outros pa\u00edses quanto as vendas externas foram as menores desde 2009, mostram dados divulgados nesta segunda (2) pelo Minist\u00e9rio da Ind\u00fastria, Com\u00e9rcio Exterior e Servi\u00e7os.<\/p>\n<p>O resultado positivo recorde foi poss\u00edvel porque, enquanto as exporta\u00e7\u00f5es recuaram 3,5% em rela\u00e7\u00e3o a 2015, as importa\u00e7\u00f5es sofreram ainda mais e ca\u00edram 20,1% na mesma compara\u00e7\u00e3o.<\/p>\n<p>Quando se olha a corrente de com\u00e9rcio (formada pelas exporta\u00e7\u00f5es mais importa\u00e7\u00f5es), o dado \u00e9 o menor em sete anos e representa uma queda de 33% na compara\u00e7\u00e3o com 2011, quando o n\u00famero foi o maior da hist\u00f3ria.<\/p>\n<p>&#8220;Esse \u00e9 um superavit negativo&#8221;, disse Jos\u00e9 Augusto de Castro, presidente da AEB (Associa\u00e7\u00e3o de Com\u00e9rcio Exterior do Brasil).<\/p>\n<p>&#8220;O que gera atividade econ\u00f4mica para o setor \u00e9 a corrente de com\u00e9rcio, e ela reflete um momento muito ruim para o com\u00e9rcio exterior.&#8221;<\/p>\n<p>Ele lembrou que, no caso das exporta\u00e7\u00f5es, o resultado de 2016 foi afetado principalmente pela queda de 6,2% ante 2015 nos pre\u00e7os dos produtos. Ao analisar as quantidades, houve aumento de 2,9% na mesma compara\u00e7\u00e3o.<\/p>\n<p>&#8220;Dos principais produtos da pauta exportadora, s\u00f3 o a\u00e7\u00facar em bruto teve alta no pre\u00e7o. Todos os outros produtos tiveram queda&#8221;, observou Abr\u00e3o Neto, secret\u00e1rio de Com\u00e9rcio Exterior do minist\u00e9rio.<\/p>\n<p>J\u00e1 no caso das importa\u00e7\u00f5es, h\u00e1 queda tanto nos pre\u00e7os, que ca\u00edram 9% ante 2015, quanto na quantidade, que se reduziu em 12,2%.<\/p>\n<p>As importa\u00e7\u00f5es de bens de capital (m\u00e1quinas e equipamentos), por exemplo, que sinalizam o interesse das empresas em investir, somaram US$ 18,35 bilh\u00f5es em 2016, queda de 21,5% ante 2015.<\/p>\n<p>J\u00e1 as compras de bens intermedi\u00e1rios (insumos para elabora\u00e7\u00e3o de produtos) de outros pa\u00edses somaram US$ 84,94 bilh\u00f5es, redu\u00e7\u00e3o de 14,9% em rela\u00e7\u00e3o a 2015.<\/p>\n<p><strong>DEZEMBRO<\/strong><\/p>\n<p>O minist\u00e9rio tamb\u00e9m informou nesta segunda que, tomando somente os dados do m\u00eas passado, as importa\u00e7\u00f5es cresceram pela primeira vez na compara\u00e7\u00e3o com o mesmo m\u00eas do ano anterior desde setembro de 2014.<\/p>\n<p>O aumento nas compras de outros pa\u00edses foi de 9,3%, mas n\u00e3o pode ser considerado um sintoma de recupera\u00e7\u00e3o da economia, disse Neto.<\/p>\n<p>&#8220;Esse aumento se explica por uma base de compara\u00e7\u00e3o muito baixa em dezembro de 2015, quando houve uma redu\u00e7\u00e3o muito forte nas importa\u00e7\u00f5es de petr\u00f3leo&#8221;, explicou.<\/p>\n<p>Com esse resultado, no m\u00eas passado o superavit foi menor do que o registrado em novembro (queda de 7,2%) e do que o resultado positivo de dezembro de 2015 (um redu\u00e7\u00e3o de quase 30%).<\/p>\n<p>A expectativa do minist\u00e9rio \u00e9 que neste ano as importa\u00e7\u00f5es voltar\u00e3o a crescer de forma consistente, assim como as exporta\u00e7\u00f5es.<\/p>\n<p>&#8220;No ano passado, a redu\u00e7\u00e3o geral das importa\u00e7\u00f5es foi de 20%, mas se concentrou no primeiro e no segundo trimestres&#8221;, afirmou Neto. No terceiro e no quarto trimestre do ano, a queda das importa\u00e7\u00f5es ocorreu em ritmo menor \u2014as redu\u00e7\u00f5es foram de 13,2% e 6,1%, respectivamente.<\/p>\n<p>O minist\u00e9rio n\u00e3o divulga proje\u00e7\u00f5es, mas o Banco Central espera aumento de cerca de US$ 10 bilh\u00f5es tanto nas exporta\u00e7\u00f5es quanto nas importa\u00e7\u00f5es para 2017.<\/p>\n<p>Fonte: Folha de S\u00e3o Paulo<\/p>\n","protected":false},"excerpt":{"rendered":"<p>Com as importa\u00e7\u00f5es caindo quase cinco vezes mais que as exporta\u00e7\u00f5es em rela\u00e7\u00e3o a 2015, a balan\u00e7a comercial do ano passado foi positiva em US$&#8230;<\/p>\n","protected":false},"author":1182,"featured_media":18104,"comment_status":"closed","ping_status":"closed","sticky":false,"template":"","format":"standard","meta":{"footnotes":""},"categories":[6],"tags":[],"class_list":["post-22249","post","type-post","status-publish","format-standard","has-post-thumbnail","hentry","category-noticias"],"_links":{"self":[{"href":"https:\/\/www.sincomam.org.br\/index.php\/wp-json\/wp\/v2\/posts\/22249","targetHints":{"allow":["GET"]}}],"collection":[{"href":"https:\/\/www.sincomam.org.br\/index.php\/wp-json\/wp\/v2\/posts"}],"about":[{"href":"https:\/\/www.sincomam.org.br\/index.php\/wp-json\/wp\/v2\/types\/post"}],"author":[{"embeddable":true,"href":"https:\/\/www.sincomam.org.br\/index.php\/wp-json\/wp\/v2\/users\/1182"}],"replies":[{"embeddable":true,"href":"https:\/\/www.sincomam.org.br\/index.php\/wp-json\/wp\/v2\/comments?post=22249"}],"version-history":[{"count":1,"href":"https:\/\/www.sincomam.org.br\/index.php\/wp-json\/wp\/v2\/posts\/22249\/revisions"}],"predecessor-version":[{"id":22250,"href":"https:\/\/www.sincomam.org.br\/index.php\/wp-json\/wp\/v2\/posts\/22249\/revisions\/22250"}],"wp:featuredmedia":[{"embeddable":true,"href":"https:\/\/www.sincomam.org.br\/index.php\/wp-json\/wp\/v2\/media\/18104"}],"wp:attachment":[{"href":"https:\/\/www.sincomam.org.br\/index.php\/wp-json\/wp\/v2\/media?parent=22249"}],"wp:term":[{"taxonomy":"category","embeddable":true,"href":"https:\/\/www.sincomam.org.br\/index.php\/wp-json\/wp\/v2\/categories?post=22249"},{"taxonomy":"post_tag","embeddable":true,"href":"https:\/\/www.sincomam.org.br\/index.php\/wp-json\/wp\/v2\/tags?post=22249"}],"curies":[{"name":"wp","href":"https:\/\/api.w.org\/{rel}","templated":true}]}}