{"id":22243,"date":"2017-01-13T00:45:11","date_gmt":"2017-01-13T02:45:11","guid":{"rendered":"http:\/\/www.sincomam.org.br\/?p=22243"},"modified":"2017-01-07T11:46:09","modified_gmt":"2017-01-07T13:46:09","slug":"medo-do-desemprego-voltou-a-subir-em-dezembro-diz-pesquisa-da-cni","status":"publish","type":"post","link":"https:\/\/www.sincomam.org.br\/index.php\/medo-do-desemprego-voltou-a-subir-em-dezembro-diz-pesquisa-da-cni\/","title":{"rendered":"Medo do desemprego voltou a subir em dezembro, diz pesquisa da CNI"},"content":{"rendered":"<p>O resultado de uma pesquisa trimestral feita pela Confedera\u00e7\u00e3o Nacional da Ind\u00fastria (CNI) e divulgado nesta sexta-feira (6) aponta que o medo dos brasileiros de perder o emprego voltou a aumentar no fim de 2016.\u00a0<\/p>\n<div class=\"mc-column content-text active-extra-styles\" data-block-type=\"unstyled\">\n<p class=\"content-text__container \" data-track-category=\"Link no Texto\" data-track-links=\"\">De acordo com a entidade, o \u00cdndice de Medo do Desemprego, que na pesquisa anterior, divulgada em setembro, havia registrado queda e ficou em 61,2 pontos, voltou a subir em dezembro e chegou a 64,8 pontos.\u00a0<\/p>\n<\/div>\n<div class=\"mc-column content-text active-extra-styles\" data-block-type=\"unstyled\">\n<p class=\"content-text__container \" data-track-category=\"Link no Texto\" data-track-links=\"\">O indicador varia de zero a cem pontos. Quanto mais alto, maior \u00e9 o medo do desemprego.\u00a0<\/p>\n<\/div>\n<div class=\"mc-column content-text active-extra-styles\" data-block-type=\"unstyled\">\n<p class=\"content-text__container \" data-track-category=\"Link no Texto\" data-track-links=\"\">Em nota, a CNI avalia que a queda verificada em setembro refletia uma melhora da confian\u00e7a na economia, em meio ao processo de impeachment da ex-presidente Dilma Rousseff. E que a nova alta no indicador est\u00e1 ligada \u00e0 manuten\u00e7\u00e3o da recess\u00e3o, do aumento do desemprego e da infla\u00e7\u00e3o no pa\u00eds.\u00a0<\/p>\n<\/div>\n<div class=\"mc-column content-text active-extra-styles\" data-block-type=\"unstyled\">\n<p class=\"content-text__container \" data-track-category=\"Link no Texto\" data-track-links=\"\">\u201cConforme a pesquisa, o medo do desemprego \u00e9 maior na regi\u00e3o Nordeste, onde o indicador subiu para 70 pontos em dezembro, valor 11,3 pontos acima do verificado no mesmo m\u00eas de 2015. No Sul, o medo do desemprego diminuiu de 63,2 pontos em dezembro de 2015 para 57,8 pontos em dezembro de 2016, e \u00e9 o menor entre as regi\u00f5es do pa\u00eds\u201d, informou a CNI na nota.\u00a0<\/p>\n<\/div>\n<div class=\"mc-column content-text active-extra-styles\" data-block-type=\"unstyled\">\n<p class=\"content-text__container \" data-track-category=\"Link no Texto\" data-track-links=\"\">O levantamento trimestral foi feito com 2.002 pessoas em 141 munic\u00edpios entre 1\u00ba e 4 de dezembro de 2016.\u00a0<\/p>\n<p>Fonte: G1<\/p>\n<div><\/div>\n<\/div>\n<div class=\"mc-column comments\">\n<div id=\"boxComentarios\" class=\"glbComentarios\"><\/div>\n<\/div>\n","protected":false},"excerpt":{"rendered":"<p>O resultado de uma pesquisa trimestral feita pela Confedera\u00e7\u00e3o Nacional da Ind\u00fastria (CNI) e divulgado nesta sexta-feira (6) aponta que o medo dos brasileiros de&#8230;<\/p>\n","protected":false},"author":1182,"featured_media":17785,"comment_status":"closed","ping_status":"closed","sticky":false,"template":"","format":"standard","meta":{"footnotes":""},"categories":[6],"tags":[],"class_list":["post-22243","post","type-post","status-publish","format-standard","has-post-thumbnail","hentry","category-noticias"],"_links":{"self":[{"href":"https:\/\/www.sincomam.org.br\/index.php\/wp-json\/wp\/v2\/posts\/22243","targetHints":{"allow":["GET"]}}],"collection":[{"href":"https:\/\/www.sincomam.org.br\/index.php\/wp-json\/wp\/v2\/posts"}],"about":[{"href":"https:\/\/www.sincomam.org.br\/index.php\/wp-json\/wp\/v2\/types\/post"}],"author":[{"embeddable":true,"href":"https:\/\/www.sincomam.org.br\/index.php\/wp-json\/wp\/v2\/users\/1182"}],"replies":[{"embeddable":true,"href":"https:\/\/www.sincomam.org.br\/index.php\/wp-json\/wp\/v2\/comments?post=22243"}],"version-history":[{"count":1,"href":"https:\/\/www.sincomam.org.br\/index.php\/wp-json\/wp\/v2\/posts\/22243\/revisions"}],"predecessor-version":[{"id":22244,"href":"https:\/\/www.sincomam.org.br\/index.php\/wp-json\/wp\/v2\/posts\/22243\/revisions\/22244"}],"wp:featuredmedia":[{"embeddable":true,"href":"https:\/\/www.sincomam.org.br\/index.php\/wp-json\/wp\/v2\/media\/17785"}],"wp:attachment":[{"href":"https:\/\/www.sincomam.org.br\/index.php\/wp-json\/wp\/v2\/media?parent=22243"}],"wp:term":[{"taxonomy":"category","embeddable":true,"href":"https:\/\/www.sincomam.org.br\/index.php\/wp-json\/wp\/v2\/categories?post=22243"},{"taxonomy":"post_tag","embeddable":true,"href":"https:\/\/www.sincomam.org.br\/index.php\/wp-json\/wp\/v2\/tags?post=22243"}],"curies":[{"name":"wp","href":"https:\/\/api.w.org\/{rel}","templated":true}]}}