{"id":22241,"date":"2017-01-12T00:44:12","date_gmt":"2017-01-12T02:44:12","guid":{"rendered":"http:\/\/www.sincomam.org.br\/?p=22241"},"modified":"2017-01-07T11:45:02","modified_gmt":"2017-01-07T13:45:02","slug":"shoppings-tem-queda-de-35-no-movimento-em-2016","status":"publish","type":"post","link":"https:\/\/www.sincomam.org.br\/index.php\/shoppings-tem-queda-de-35-no-movimento-em-2016\/","title":{"rendered":"Shoppings t\u00eam queda de 3,5% no movimento em 2016"},"content":{"rendered":"<p>O fluxo de visitantes nos shoppings do pa\u00eds apresentou recuo de 3,48% em 2016 na compara\u00e7\u00e3o com o mesmo per\u00edodo do ano anterior, segundo o \u00edndice IVSC (\u00cdndice de Visitas a Shopping Centers), realizado pela Associa\u00e7\u00e3o Brasileira de Shopping Centers (Abrasce), em parceria com a FX Retail Analytics, empresa especializada no monitoramento de fluxo do varejo. Em 2015, o fluxo teve alta de 2,9% em rela\u00e7\u00e3o a 2014.\u00a0<\/p>\n<div class=\"mc-column content-text active-extra-styles\" data-block-type=\"unstyled\">\n<p class=\"content-text__container \" data-track-category=\"Link no Texto\" data-track-links=\"\">Na compara\u00e7\u00e3o com o dezembro de 2015, o volume de pessoas que circularam os shopping centers no \u00faltimo m\u00eas do ano sofreu queda de 1,52%.\u00a0<\/p>\n<\/div>\n<div class=\"mc-column content-text active-extra-styles\" data-block-type=\"unstyled\">\n<p class=\"content-text__container \" data-track-category=\"Link no Texto\" data-track-links=\"\">O maior recuo em 2016 ocorreu na regi\u00e3o Sudeste, de 3,71%. As regi\u00f5es Sul e Nordeste, por sua vez, registraram aumento no fluxo de 0,37% e 1,15%, respectivamente.\u00a0<\/p>\n<p>Por outro lado, impulsionado pelas festas de fim de ano, o m\u00eas de dezembro teve aumento de 25,6% no fluxo de visitantes em rela\u00e7\u00e3o a novembro.\u00a0<\/p>\n<\/div>\n<div class=\"mc-column content-text active-extra-styles\" data-block-type=\"unstyled\">\n<p class=\"content-text__container \" data-track-category=\"Link no Texto\" data-track-links=\"\">Segundo Walter Sabini Junior, s\u00f3cio-fundador da FX Retail Analytics, a alta de dezembro ante novembro foi motivada pelas festas de fim de ano, que naturalmente leva mais pessoas aos centros de compras. \u201cObservamos, por\u00e9m, que quando comparado a dezembro do ano passado, o \u00edmpeto das fam\u00edlias em ir ao shopping-center diminuiu em raz\u00e3o de um cen\u00e1rio macroecon\u00f4mico ainda fragilizado, comprometendo o n\u00edvel de renda do consumidor\u201d, avalia.<\/p>\n<p>Fonte: G1<\/p>\n<\/div>\n","protected":false},"excerpt":{"rendered":"<p>O fluxo de visitantes nos shoppings do pa\u00eds apresentou recuo de 3,48% em 2016 na compara\u00e7\u00e3o com o mesmo per\u00edodo do ano anterior, segundo o&#8230;<\/p>\n","protected":false},"author":1182,"featured_media":19010,"comment_status":"closed","ping_status":"closed","sticky":false,"template":"","format":"standard","meta":{"footnotes":""},"categories":[6],"tags":[],"class_list":["post-22241","post","type-post","status-publish","format-standard","has-post-thumbnail","hentry","category-noticias"],"_links":{"self":[{"href":"https:\/\/www.sincomam.org.br\/index.php\/wp-json\/wp\/v2\/posts\/22241","targetHints":{"allow":["GET"]}}],"collection":[{"href":"https:\/\/www.sincomam.org.br\/index.php\/wp-json\/wp\/v2\/posts"}],"about":[{"href":"https:\/\/www.sincomam.org.br\/index.php\/wp-json\/wp\/v2\/types\/post"}],"author":[{"embeddable":true,"href":"https:\/\/www.sincomam.org.br\/index.php\/wp-json\/wp\/v2\/users\/1182"}],"replies":[{"embeddable":true,"href":"https:\/\/www.sincomam.org.br\/index.php\/wp-json\/wp\/v2\/comments?post=22241"}],"version-history":[{"count":1,"href":"https:\/\/www.sincomam.org.br\/index.php\/wp-json\/wp\/v2\/posts\/22241\/revisions"}],"predecessor-version":[{"id":22242,"href":"https:\/\/www.sincomam.org.br\/index.php\/wp-json\/wp\/v2\/posts\/22241\/revisions\/22242"}],"wp:featuredmedia":[{"embeddable":true,"href":"https:\/\/www.sincomam.org.br\/index.php\/wp-json\/wp\/v2\/media\/19010"}],"wp:attachment":[{"href":"https:\/\/www.sincomam.org.br\/index.php\/wp-json\/wp\/v2\/media?parent=22241"}],"wp:term":[{"taxonomy":"category","embeddable":true,"href":"https:\/\/www.sincomam.org.br\/index.php\/wp-json\/wp\/v2\/categories?post=22241"},{"taxonomy":"post_tag","embeddable":true,"href":"https:\/\/www.sincomam.org.br\/index.php\/wp-json\/wp\/v2\/tags?post=22241"}],"curies":[{"name":"wp","href":"https:\/\/api.w.org\/{rel}","templated":true}]}}