{"id":22216,"date":"2017-01-11T00:02:07","date_gmt":"2017-01-11T02:02:07","guid":{"rendered":"http:\/\/www.sincomam.org.br\/?p=22216"},"modified":"2017-01-07T11:14:48","modified_gmt":"2017-01-07T13:14:48","slug":"trump-reafirma-que-mexico-pagara-muro-na-fronteira","status":"publish","type":"post","link":"https:\/\/www.sincomam.org.br\/index.php\/trump-reafirma-que-mexico-pagara-muro-na-fronteira\/","title":{"rendered":"Trump reafirma que M\u00e9xico pagar\u00e1 muro na fronteira"},"content":{"rendered":"<p>O presidente eleito dos Estados Unidos, Donald Trump, reafirmou nesta sexta-feira que o M\u00e9xico pagar\u00e1 o muro na fronteira entre os dois pa\u00edses, enquanto os legisladores republicanos analisavam como financiar a pol\u00eamica barreira.<\/p>\n<p>&#8220;A imprensa desonesta n\u00e3o informa que qualquer dinheiro gasto na constru\u00e7\u00e3o do Grande Muro ser\u00e1 reembolsado pelo M\u00e9xico mais adiante&#8221;, escreveu Trump no Twitter.<\/p>\n<p>O ex-presidente mexicano Vicente Fox reagiu, tamb\u00e9m no Twitter, garantindo que o M\u00e9xico &#8220;n\u00e3o vai pagar por este maldito muro&#8221;.<\/p>\n<p>&#8220;TRUMP, quando voc\u00ea vai entender que n\u00e3o vamos pagar por este maldito muro. Seja claro com os contribuintes. S\u00e3o eles que v\u00e3o pagar&#8221;, escreveu Fox.<\/p>\n<p>Kellyanne Conway, principal assessora de Trump, reafirmou nesta sexta que &#8220;nada mudou&#8221; e que o &#8220;M\u00e9xico vai pagar&#8221; pelo muro.<\/p>\n<p>&#8220;O Congresso est\u00e1 analisando a possibilidade de pagar para adiantar a obra, torn\u00e1-la mais r\u00e1pida, mas depois faremos que o M\u00e9xico pague&#8221;, disse Conway \u00e0 CNN.<\/p>\n<p>O custo do projeto n\u00e3o foi estabelecido, mas \u00e9 estimado em bilh\u00f5es de d\u00f3lares.<\/p>\n<p>Para agilizar a constru\u00e7\u00e3o do muro, os republicanos &#8211; que controlam as duas c\u00e2maras do Congresso &#8211; e a equipe de transi\u00e7\u00e3o de Trump planejam se basear em uma lei de 2006 firmada pelo presidente George W. Bush, que autoriza a constru\u00e7\u00e3o de uma &#8220;barreira f\u00edsica&#8221; na fronteira com o M\u00e9xico, segundo Politico.<\/p>\n<p>Jamais aplicada plenamente, a lei n\u00e3o estipula limites de tempo, extens\u00e3o ou tipo de barreira, o que lhe permite ser a base legal para a constru\u00e7\u00e3o do muro.<\/p>\n<p>Fonte: Isto \u00c9 Dinheiro<\/p>\n","protected":false},"excerpt":{"rendered":"<p>O presidente eleito dos Estados Unidos, Donald Trump, reafirmou nesta sexta-feira que o M\u00e9xico pagar\u00e1 o muro na fronteira entre os dois pa\u00edses, enquanto os&#8230;<\/p>\n","protected":false},"author":1182,"featured_media":21483,"comment_status":"closed","ping_status":"closed","sticky":false,"template":"","format":"standard","meta":{"footnotes":""},"categories":[6],"tags":[],"class_list":["post-22216","post","type-post","status-publish","format-standard","has-post-thumbnail","hentry","category-noticias"],"_links":{"self":[{"href":"https:\/\/www.sincomam.org.br\/index.php\/wp-json\/wp\/v2\/posts\/22216","targetHints":{"allow":["GET"]}}],"collection":[{"href":"https:\/\/www.sincomam.org.br\/index.php\/wp-json\/wp\/v2\/posts"}],"about":[{"href":"https:\/\/www.sincomam.org.br\/index.php\/wp-json\/wp\/v2\/types\/post"}],"author":[{"embeddable":true,"href":"https:\/\/www.sincomam.org.br\/index.php\/wp-json\/wp\/v2\/users\/1182"}],"replies":[{"embeddable":true,"href":"https:\/\/www.sincomam.org.br\/index.php\/wp-json\/wp\/v2\/comments?post=22216"}],"version-history":[{"count":1,"href":"https:\/\/www.sincomam.org.br\/index.php\/wp-json\/wp\/v2\/posts\/22216\/revisions"}],"predecessor-version":[{"id":22217,"href":"https:\/\/www.sincomam.org.br\/index.php\/wp-json\/wp\/v2\/posts\/22216\/revisions\/22217"}],"wp:featuredmedia":[{"embeddable":true,"href":"https:\/\/www.sincomam.org.br\/index.php\/wp-json\/wp\/v2\/media\/21483"}],"wp:attachment":[{"href":"https:\/\/www.sincomam.org.br\/index.php\/wp-json\/wp\/v2\/media?parent=22216"}],"wp:term":[{"taxonomy":"category","embeddable":true,"href":"https:\/\/www.sincomam.org.br\/index.php\/wp-json\/wp\/v2\/categories?post=22216"},{"taxonomy":"post_tag","embeddable":true,"href":"https:\/\/www.sincomam.org.br\/index.php\/wp-json\/wp\/v2\/tags?post=22216"}],"curies":[{"name":"wp","href":"https:\/\/api.w.org\/{rel}","templated":true}]}}