{"id":22209,"date":"2017-01-10T01:08:37","date_gmt":"2017-01-10T03:08:37","guid":{"rendered":"http:\/\/www.sincomam.org.br\/?p=22209"},"modified":"2017-01-07T11:11:59","modified_gmt":"2017-01-07T13:11:59","slug":"porto-de-imbituba-encerra-2016-com-crescimento-de-40","status":"publish","type":"post","link":"https:\/\/www.sincomam.org.br\/index.php\/porto-de-imbituba-encerra-2016-com-crescimento-de-40\/","title":{"rendered":"Porto de Imbituba encerra 2016 com crescimento de 40%"},"content":{"rendered":"<p>O Porto de Imbituba inicia 2017 com um excelente balan\u00e7o dos resultados operacionais, socioambientais e de infraestrutura que conquistou no \u00faltimo ano. M\u00eas a m\u00eas, a quebra de recordes em movimenta\u00e7\u00e3o de cargas garantiu o alcance in\u00e9dito do total de 4,8 milh\u00f5es de toneladas transportadas, o que representa crescimento de 40% em rela\u00e7\u00e3o a 2015.<\/p>\n<p>No acumulado dos \u00faltimos quatro anos, desde que o Governo do Estado, atrav\u00e9s da SCPar Porto de Imbituba, assumiu a administra\u00e7\u00e3o portu\u00e1ria, houve crescimento de 133% na movimenta\u00e7\u00e3o de cargas.\u00a0O recorde na opera\u00e7\u00e3o do Porto de Imbituba foi impulsionado pelo acr\u00e9scimo de 10% no n\u00famero de navios atracados no \u00faltimo ano, totalizando 255 embarca\u00e7\u00f5es.<\/p>\n<p>Da variedade de produtos nacionais e internacionais movimentados pelo Porto, o transporte de gran\u00e9is s\u00f3lidos se apresentou com maior destaque, representando 86% do total de cargas. Neste segmento, os produtos com maior volume de circula\u00e7\u00e3o foram a soja, o milho e o coque.<\/p>\n<p>Entre os investimentos em infraestrutura, ressaltam-se o apoio a recupera\u00e7\u00e3o da via de Acesso Norte a Imbituba; a constru\u00e7\u00e3o de um armaz\u00e9m graneleiro de \u00faltima gera\u00e7\u00e3o dentro do Porto, pela arrendat\u00e1ria Fertisanta; o in\u00edcio da opera\u00e7\u00e3o do sistema de triagem eletr\u00f4nica para recebimento de caminh\u00f5es; a instala\u00e7\u00e3o de duas novas balan\u00e7as rodovi\u00e1rias e a recupera\u00e7\u00e3o da portaria de acesso 2.<\/p>\n<p>O ano de 2016 tamb\u00e9m foi marcado por importantes reconhecimentos socioambientais: o Certificado em Responsabilidade Social da Assembleia Legislativa de Santa Catarina; o Trof\u00e9u Onda Verde, do Pr\u00eamio Express\u00e3o de Ecologia; e o Pr\u00eamio Empresa Cidad\u00e3 ADVB\/SC, na categoria Preserva\u00e7\u00e3o Ambiental.<\/p>\n<p>Para o presidente da SCPar Porto de Imbituba, Rog\u00e9rio Pupo Gon\u00e7alves, \u201ceste cen\u00e1rio de conquistas \u00e9 reflexo do planejamento estrat\u00e9gico que o Porto tem se proposto a tornar realidade ao longo dos anos, atrav\u00e9s de um trabalho intensivo e focado no desenvolvimento socioecon\u00f4mico do Sul do Brasil. Este ano, nossa meta \u00e9 ser cada vez mais refer\u00eancia em efici\u00eancia, atendimento e sustentabilidade\u201d, analisa.<\/p>\n<p>Fonte: Portal Engeplus<\/p>\n","protected":false},"excerpt":{"rendered":"<p>O Porto de Imbituba inicia 2017 com um excelente balan\u00e7o dos resultados operacionais, socioambientais e de infraestrutura que conquistou no \u00faltimo ano. M\u00eas a m\u00eas,&#8230;<\/p>\n","protected":false},"author":1182,"featured_media":19106,"comment_status":"closed","ping_status":"closed","sticky":false,"template":"","format":"standard","meta":{"footnotes":""},"categories":[6],"tags":[],"class_list":["post-22209","post","type-post","status-publish","format-standard","has-post-thumbnail","hentry","category-noticias"],"_links":{"self":[{"href":"https:\/\/www.sincomam.org.br\/index.php\/wp-json\/wp\/v2\/posts\/22209","targetHints":{"allow":["GET"]}}],"collection":[{"href":"https:\/\/www.sincomam.org.br\/index.php\/wp-json\/wp\/v2\/posts"}],"about":[{"href":"https:\/\/www.sincomam.org.br\/index.php\/wp-json\/wp\/v2\/types\/post"}],"author":[{"embeddable":true,"href":"https:\/\/www.sincomam.org.br\/index.php\/wp-json\/wp\/v2\/users\/1182"}],"replies":[{"embeddable":true,"href":"https:\/\/www.sincomam.org.br\/index.php\/wp-json\/wp\/v2\/comments?post=22209"}],"version-history":[{"count":1,"href":"https:\/\/www.sincomam.org.br\/index.php\/wp-json\/wp\/v2\/posts\/22209\/revisions"}],"predecessor-version":[{"id":22210,"href":"https:\/\/www.sincomam.org.br\/index.php\/wp-json\/wp\/v2\/posts\/22209\/revisions\/22210"}],"wp:featuredmedia":[{"embeddable":true,"href":"https:\/\/www.sincomam.org.br\/index.php\/wp-json\/wp\/v2\/media\/19106"}],"wp:attachment":[{"href":"https:\/\/www.sincomam.org.br\/index.php\/wp-json\/wp\/v2\/media?parent=22209"}],"wp:term":[{"taxonomy":"category","embeddable":true,"href":"https:\/\/www.sincomam.org.br\/index.php\/wp-json\/wp\/v2\/categories?post=22209"},{"taxonomy":"post_tag","embeddable":true,"href":"https:\/\/www.sincomam.org.br\/index.php\/wp-json\/wp\/v2\/tags?post=22209"}],"curies":[{"name":"wp","href":"https:\/\/api.w.org\/{rel}","templated":true}]}}