{"id":22176,"date":"2017-01-06T05:36:46","date_gmt":"2017-01-06T07:36:46","guid":{"rendered":"http:\/\/www.sincomam.org.br\/?p=22176"},"modified":"2017-01-06T05:36:46","modified_gmt":"2017-01-06T07:36:46","slug":"petroleiros-e-petrobras-retomam-negociacoes-sobre-acordo-coletivo","status":"publish","type":"post","link":"https:\/\/www.sincomam.org.br\/index.php\/petroleiros-e-petrobras-retomam-negociacoes-sobre-acordo-coletivo\/","title":{"rendered":"Petroleiros e Petrobras retomam negocia\u00e7\u00f5es sobre acordo coletivo"},"content":{"rendered":"<p>A Petrobras e a Federa\u00e7\u00e3o \u00danica dos Petroleiros (FUP), que re\u00fane a maior parte dos sindicatos de funcion\u00e1rios da estatal, se reuniram nesta quinta-feira e decidiram retomar as negocia\u00e7\u00f5es sobre o acordo trabalhista de 2016.<\/p>\n<p>O coordenador-geral da FUP, Jos\u00e9 Maria Rangel, disse \u00e0 Reuters que a reuni\u00e3o foi para apresentar ao setor de Recursos Humanos as demandas da categoria. Dentre elas, os sindicatos querem a prorroga\u00e7\u00e3o do atual Acordo Coletivo de Trabalho at\u00e9 31 de agosto de 2018 e a reposi\u00e7\u00e3o integral da infla\u00e7\u00e3o nos sal\u00e1rios.<\/p>\n<p>&#8220;A escalada neoliberal instalada, que, entre outros ataques, vem para retirar direitos da classe trabalhadora, norteou a FUP a reivindicar a prorroga\u00e7\u00e3o do atual acordo at\u00e9 31 de agosto de 2018&#8221;, disse a FUP, em uma nota publicada em seu site.<\/p>\n<p>Apesar de n\u00e3o ter aceito as reivindica\u00e7\u00f5es, a Petrobras disse em nota que aceitou continuar as negocia\u00e7\u00f5es e que a expectativa \u00e9 que esses esfor\u00e7os possam avan\u00e7ar nas pr\u00f3ximas semanas.<\/p>\n<p>&#8220;Embora a converg\u00eancia final n\u00e3o tenha sido alcan\u00e7ada na reuni\u00e3o de hoje, a decis\u00e3o da FUP de apresentar uma proposta \u00e9 bem-vinda pela Petrobras, porque mostra o in\u00edcio de uma aproxima\u00e7\u00e3o entre as demandas dos trabalhadores e a situa\u00e7\u00e3o financeira atual da empresa&#8221;, disse a Petrobras.<\/p>\n<p>No fim de dezembro, 10 dos 13 sindicatos filiados \u00e0 federa\u00e7\u00e3o aprovaram o in\u00edcio de uma greve, sem registro de grande ades\u00e3o dos trabalhadores e encerrada poucos dias depois, para uma avalia\u00e7\u00e3o do movimento.<\/p>\n<p>A empresa chegou a propor op\u00e7\u00e3o de redu\u00e7\u00e3o da jornada di\u00e1ria de trabalho de 8 para 6 horas, mediante redu\u00e7\u00e3o de 25 por cento da remunera\u00e7\u00e3o, para empregados em hor\u00e1rio flex\u00edvel e sem fun\u00e7\u00e3o gratificada. E ofereceu um reajuste salarial abaixo da infla\u00e7\u00e3o de 2016.<\/p>\n<p>Ap\u00f3s a aprova\u00e7\u00e3o da greve, a Petrobras chegou a pedir uma media\u00e7\u00e3o ao Tribunal Superior do Trabalho (TST), como forma de buscar avan\u00e7os nas discuss\u00f5es, mas que foi negado.<\/p>\n<p>Fonte: Reuters<\/p>\n","protected":false},"excerpt":{"rendered":"<p>A Petrobras e a Federa\u00e7\u00e3o \u00danica dos Petroleiros (FUP), que re\u00fane a maior parte dos sindicatos de funcion\u00e1rios da estatal, se reuniram nesta quinta-feira e&#8230;<\/p>\n","protected":false},"author":1182,"featured_media":17937,"comment_status":"closed","ping_status":"closed","sticky":false,"template":"","format":"standard","meta":{"footnotes":""},"categories":[6],"tags":[],"class_list":["post-22176","post","type-post","status-publish","format-standard","has-post-thumbnail","hentry","category-noticias"],"_links":{"self":[{"href":"https:\/\/www.sincomam.org.br\/index.php\/wp-json\/wp\/v2\/posts\/22176","targetHints":{"allow":["GET"]}}],"collection":[{"href":"https:\/\/www.sincomam.org.br\/index.php\/wp-json\/wp\/v2\/posts"}],"about":[{"href":"https:\/\/www.sincomam.org.br\/index.php\/wp-json\/wp\/v2\/types\/post"}],"author":[{"embeddable":true,"href":"https:\/\/www.sincomam.org.br\/index.php\/wp-json\/wp\/v2\/users\/1182"}],"replies":[{"embeddable":true,"href":"https:\/\/www.sincomam.org.br\/index.php\/wp-json\/wp\/v2\/comments?post=22176"}],"version-history":[{"count":1,"href":"https:\/\/www.sincomam.org.br\/index.php\/wp-json\/wp\/v2\/posts\/22176\/revisions"}],"predecessor-version":[{"id":22177,"href":"https:\/\/www.sincomam.org.br\/index.php\/wp-json\/wp\/v2\/posts\/22176\/revisions\/22177"}],"wp:featuredmedia":[{"embeddable":true,"href":"https:\/\/www.sincomam.org.br\/index.php\/wp-json\/wp\/v2\/media\/17937"}],"wp:attachment":[{"href":"https:\/\/www.sincomam.org.br\/index.php\/wp-json\/wp\/v2\/media?parent=22176"}],"wp:term":[{"taxonomy":"category","embeddable":true,"href":"https:\/\/www.sincomam.org.br\/index.php\/wp-json\/wp\/v2\/categories?post=22176"},{"taxonomy":"post_tag","embeddable":true,"href":"https:\/\/www.sincomam.org.br\/index.php\/wp-json\/wp\/v2\/tags?post=22176"}],"curies":[{"name":"wp","href":"https:\/\/api.w.org\/{rel}","templated":true}]}}