{"id":22170,"date":"2017-01-06T05:33:48","date_gmt":"2017-01-06T07:33:48","guid":{"rendered":"http:\/\/www.sincomam.org.br\/?p=22170"},"modified":"2017-01-06T05:33:48","modified_gmt":"2017-01-06T07:33:48","slug":"mais-medicos-recebe-mais-de-10-mil-inscricoes-de-brasileiros","status":"publish","type":"post","link":"https:\/\/www.sincomam.org.br\/index.php\/mais-medicos-recebe-mais-de-10-mil-inscricoes-de-brasileiros\/","title":{"rendered":"Mais M\u00e9dicos recebe mais de 10 mil inscri\u00e7\u00f5es de brasileiros"},"content":{"rendered":"<p>Mais de 10,5 mil brasileiros se inscreveram para concorrer a cerca de 1,2 mil vagas do Mais M\u00e9dicos.<\/p>\n<p>Entre as vagas ofertadas nesta etapa, 708 est\u00e3o atualmente ocupadas por m\u00e9dicos cubanos e as demais referem-se a reposi\u00e7\u00f5es de rotina do programa para substituir profissionais que deixaram os postos. O edital foi lan\u00e7ado em novembro de 2016.<\/p>\n<p>O resultado das inscri\u00e7\u00f5es validadas deve sair no dia 9 de janeiro e a sele\u00e7\u00e3o das localidades de prefer\u00eancia dos m\u00e9dicos ocorrer\u00e1 nos dias 10 e 11.<\/p>\n<p>A substitui\u00e7\u00e3o dos profissionais cubanos por brasileiros \u00e9 uma prioridade do ministro Ricardo Barros desde que assumiu a pasta, em maio de 2016. A procura de profissionais com registro profissional no Brasil pelo Mais M\u00e9dicos come\u00e7ou a aumentar ainda na gest\u00e3o do ex-ministro Artur Chioro, que tornou os editais do programa mais atraentes para os brasileiros.<\/p>\n<p>Desde o lan\u00e7amento do programa, em 2013, uma das principais cr\u00edticas das entidades m\u00e9dicas era a contrata\u00e7\u00e3o de profissionais estrangeiros sem a necessidade da revalida\u00e7\u00e3o do diploma.<\/p>\n<p>Vindos por um acordo entre Cuba e Brasil, intermediado pela Organiza\u00e7\u00e3o Pan-Americana da Sa\u00fade, os profissionais cubanos ocuparam a maior parte das vagas em cidades fora dos grandes centros e periferias, onde os brasileiros n\u00e3o se dispuseram a trabalhar.<\/p>\n<p>Apesar de o programa sempre ter priorizado a contrata\u00e7\u00e3o de brasileiros, at\u00e9 2014 o interesse destes profissionais pelo Mais M\u00e9dicos era muito baixo.<\/p>\n<p>Dos cerca de 15 mil m\u00e9dicos do programa, 11,4 mil s\u00e3o cubanos. A meta do governo \u00e9 substituir 4 mil deles por brasileiros nos pr\u00f3prios tr\u00eas anos.<\/p>\n<h3>Candidatos<\/h3>\n<p>Os profissionais inscritos nesta etapa, s\u00e3o, em geral, rec\u00e9m-formados graduados nos \u00faltimos cinco anos (86,2%), t\u00eam entre 26 e 30 anos (44,4%). A maioria dos inscritos \u00e9 mulher (54%).<\/p>\n<p>As inscri\u00e7\u00f5es ainda v\u00e3o passar por processo de valida\u00e7\u00e3o. Os profissionais com inscri\u00e7\u00e3o validada poder\u00e3o ent\u00e3o escolher quatro cidades de prefer\u00eancia entre as dispon\u00edveis no edital e ser\u00e3o alocados de acordo com crit\u00e9rios de classifica\u00e7\u00e3o, como deten\u00e7\u00e3o de t\u00edtulo de especialista e experi\u00eancia na \u00e1rea de Sa\u00fade da Fam\u00edlia.<\/p>\n<p>Fonte: Exame<\/p>\n","protected":false},"excerpt":{"rendered":"<p>Mais de 10,5 mil brasileiros se inscreveram para concorrer a cerca de 1,2 mil vagas do Mais M\u00e9dicos. Entre as vagas ofertadas nesta etapa, 708&#8230;<\/p>\n","protected":false},"author":1182,"featured_media":20354,"comment_status":"closed","ping_status":"closed","sticky":false,"template":"","format":"standard","meta":{"footnotes":""},"categories":[6],"tags":[],"class_list":["post-22170","post","type-post","status-publish","format-standard","has-post-thumbnail","hentry","category-noticias"],"_links":{"self":[{"href":"https:\/\/www.sincomam.org.br\/index.php\/wp-json\/wp\/v2\/posts\/22170","targetHints":{"allow":["GET"]}}],"collection":[{"href":"https:\/\/www.sincomam.org.br\/index.php\/wp-json\/wp\/v2\/posts"}],"about":[{"href":"https:\/\/www.sincomam.org.br\/index.php\/wp-json\/wp\/v2\/types\/post"}],"author":[{"embeddable":true,"href":"https:\/\/www.sincomam.org.br\/index.php\/wp-json\/wp\/v2\/users\/1182"}],"replies":[{"embeddable":true,"href":"https:\/\/www.sincomam.org.br\/index.php\/wp-json\/wp\/v2\/comments?post=22170"}],"version-history":[{"count":1,"href":"https:\/\/www.sincomam.org.br\/index.php\/wp-json\/wp\/v2\/posts\/22170\/revisions"}],"predecessor-version":[{"id":22171,"href":"https:\/\/www.sincomam.org.br\/index.php\/wp-json\/wp\/v2\/posts\/22170\/revisions\/22171"}],"wp:featuredmedia":[{"embeddable":true,"href":"https:\/\/www.sincomam.org.br\/index.php\/wp-json\/wp\/v2\/media\/20354"}],"wp:attachment":[{"href":"https:\/\/www.sincomam.org.br\/index.php\/wp-json\/wp\/v2\/media?parent=22170"}],"wp:term":[{"taxonomy":"category","embeddable":true,"href":"https:\/\/www.sincomam.org.br\/index.php\/wp-json\/wp\/v2\/categories?post=22170"},{"taxonomy":"post_tag","embeddable":true,"href":"https:\/\/www.sincomam.org.br\/index.php\/wp-json\/wp\/v2\/tags?post=22170"}],"curies":[{"name":"wp","href":"https:\/\/api.w.org\/{rel}","templated":true}]}}