{"id":22166,"date":"2017-01-06T05:30:41","date_gmt":"2017-01-06T07:30:41","guid":{"rendered":"http:\/\/www.sincomam.org.br\/?p=22166"},"modified":"2017-01-06T05:30:41","modified_gmt":"2017-01-06T07:30:41","slug":"temperaturas-globais-atingem-recordes-em-2016","status":"publish","type":"post","link":"https:\/\/www.sincomam.org.br\/index.php\/temperaturas-globais-atingem-recordes-em-2016\/","title":{"rendered":"Temperaturas globais atingem recordes em 2016"},"content":{"rendered":"<p>O ano passado foi o ano mais quente j\u00e1 registrado por uma margem ampla, com temperaturas se aproximando de um teto estabelecido por quase 200 pa\u00edses para limitar o aquecimento global<strong>,<\/strong>\u00a0disse o servi\u00e7o clim\u00e1tico Copernicus da Uni\u00e3o Europeia nesta quinta-feira.<\/p>\n<p>Os dados s\u00e3o os primeiros do novo ano a confirmar muitas proje\u00e7\u00f5es de que 2016 ir\u00e1 superar 2015 como o ano mais quente desde que registros confi\u00e1veis come\u00e7aram no S\u00e9culo 19, disse ao servi\u00e7o em relat\u00f3rio.<\/p>\n<p>O \u00c1rtico foi a regi\u00e3o que mostrou a alta mais acentuada nas temperaturas, enquanto muitas outras \u00e1reas do planeta, incluindo partes da \u00c1frica e da \u00c1sia, tamb\u00e9m tiveram calor anormal.<\/p>\n<p>Algumas partes da Am\u00e9rica do Sul e da Ant\u00e1rtica estavam mais frias do que o normal.<\/p>\n<p>As temperaturas m\u00e9dias da superf\u00edcie global em 2016 ficaram em 14,8 graus celsius, ou 1,3 graus celsius acima do estimado antes da Revolu\u00e7\u00e3o Industrial implementar o amplo uso de combust\u00edveis f\u00f3sseis, disse o \u00f3rg\u00e3o da UE.<\/p>\n<p>Em 2015, quase 200 pa\u00edses concordaram em uma c\u00fapula em Paris a limitar o aquecimento global para \u201cbem abaixo\u201d de 2 graus celsius acima dos tempos pr\u00e9-industriais, enquanto realizavam esfor\u00e7os para manter a alta para 1,5 graus celsius como parte de uma mudan\u00e7a para energia limpa em detrimento do uso de combust\u00edveis f\u00f3sseis.<\/p>\n<p>Fonte: Exame<\/p>\n","protected":false},"excerpt":{"rendered":"<p>O ano passado foi o ano mais quente j\u00e1 registrado por uma margem ampla, com temperaturas se aproximando de um teto estabelecido por quase 200&#8230;<\/p>\n","protected":false},"author":1182,"featured_media":19483,"comment_status":"closed","ping_status":"closed","sticky":false,"template":"","format":"standard","meta":{"footnotes":""},"categories":[6],"tags":[],"class_list":["post-22166","post","type-post","status-publish","format-standard","has-post-thumbnail","hentry","category-noticias"],"_links":{"self":[{"href":"https:\/\/www.sincomam.org.br\/index.php\/wp-json\/wp\/v2\/posts\/22166","targetHints":{"allow":["GET"]}}],"collection":[{"href":"https:\/\/www.sincomam.org.br\/index.php\/wp-json\/wp\/v2\/posts"}],"about":[{"href":"https:\/\/www.sincomam.org.br\/index.php\/wp-json\/wp\/v2\/types\/post"}],"author":[{"embeddable":true,"href":"https:\/\/www.sincomam.org.br\/index.php\/wp-json\/wp\/v2\/users\/1182"}],"replies":[{"embeddable":true,"href":"https:\/\/www.sincomam.org.br\/index.php\/wp-json\/wp\/v2\/comments?post=22166"}],"version-history":[{"count":1,"href":"https:\/\/www.sincomam.org.br\/index.php\/wp-json\/wp\/v2\/posts\/22166\/revisions"}],"predecessor-version":[{"id":22167,"href":"https:\/\/www.sincomam.org.br\/index.php\/wp-json\/wp\/v2\/posts\/22166\/revisions\/22167"}],"wp:featuredmedia":[{"embeddable":true,"href":"https:\/\/www.sincomam.org.br\/index.php\/wp-json\/wp\/v2\/media\/19483"}],"wp:attachment":[{"href":"https:\/\/www.sincomam.org.br\/index.php\/wp-json\/wp\/v2\/media?parent=22166"}],"wp:term":[{"taxonomy":"category","embeddable":true,"href":"https:\/\/www.sincomam.org.br\/index.php\/wp-json\/wp\/v2\/categories?post=22166"},{"taxonomy":"post_tag","embeddable":true,"href":"https:\/\/www.sincomam.org.br\/index.php\/wp-json\/wp\/v2\/tags?post=22166"}],"curies":[{"name":"wp","href":"https:\/\/api.w.org\/{rel}","templated":true}]}}