{"id":22158,"date":"2017-01-06T05:27:08","date_gmt":"2017-01-06T07:27:08","guid":{"rendered":"http:\/\/www.sincomam.org.br\/?p=22158"},"modified":"2017-01-06T05:27:08","modified_gmt":"2017-01-06T07:27:08","slug":"procuradoria-investiga-presidios-do-amazonas-e-mais-tres-estados","status":"publish","type":"post","link":"https:\/\/www.sincomam.org.br\/index.php\/procuradoria-investiga-presidios-do-amazonas-e-mais-tres-estados\/","title":{"rendered":"Procuradoria investiga pres\u00eddios do Amazonas e mais tr\u00eas Estados"},"content":{"rendered":"<section class=\"article-content\">\n<p>O procurador-geral da Rep\u00fablica em exerc\u00edcio, Nicolao Dino, instaurou quatro procedimentos administrativos para investigar o sistema penitenci\u00e1rio\u00a0do Amazonas, Pernambuco, Rio Grande do Sul e Rond\u00f4nia.<\/p>\n<p>O objetivo \u00e9 reunir informa\u00e7\u00f5es para eventual propositura de interven\u00e7\u00e3o federal ao Supremo Tribunal Federal (STF) ou de incidente de deslocamento de compet\u00eancia (IDC) \u2013 ou a federaliza\u00e7\u00e3o \u2013 perante o Superior Tribunal de Justi\u00e7a (STJ).<\/p>\n<p>As informa\u00e7\u00f5es foram divulgadas pela Assessoria de Comunica\u00e7\u00e3o Estrat\u00e9gica da Procuradoria-Geral.<\/p>\n<p>De acordo com as portarias de instaura\u00e7\u00e3o dos quatro procedimentos, os problemas no sistema carcer\u00e1rio desses estados apontam para o descumprimento de normas constitucionais e infraconstitucionais, al\u00e9m de diversos instrumentos internacionais aos quais o Brasil aderiu, a exemplo da Conven\u00e7\u00e3o Americana sobre Direitos Humanos (Pacto de S\u00e3o Jos\u00e9 da Costa Rica), promulgada pelo Decreto 687\/1992.<\/p>\n<p>J\u00e1 est\u00e1 em curso na Procuradoria-Geral da Rep\u00fablica um procedimento que analisa a situa\u00e7\u00e3o do sistema carcer\u00e1rio do Maranh\u00e3o, em decorr\u00eancia de mortes e superlota\u00e7\u00e3o no Centro de Deten\u00e7\u00e3o Provis\u00f3ria de Pedrinhas, em S\u00e3o Lu\u00eds.<\/p>\n<p>Atualmente, o Estado brasileiro responde ao Sistema Interamericano de Direitos Humanos sobre a ocorr\u00eancia de viola\u00e7\u00f5es no \u00e2mbito das unidades prisionais do Rio Grande do Sul (Pres\u00eddio Central de Porto Alegre), Rond\u00f4nia (Urso Branco), Pernambuco (An\u00edbal Bruno) e Maranh\u00e3o (Pedrinhas), al\u00e9m de S\u00e3o Paulo (Parque S\u00e3o Lucas).<\/p>\n<p>No dia 1\u00ba de janeiro, uma rebeli\u00e3o no Complexo Penitenci\u00e1rio An\u00edsio Jobim (Compaj), em Manaus, resultou em fuga de dezenas de presos e no massacre de outros 56.<\/p>\n<p>A rebeli\u00e3o teria sido motivada por briga entre fac\u00e7\u00f5es criminosas. O caso \u00e9 apontado como o segundo maior epis\u00f3dio de mortes em pres\u00eddios do pa\u00eds, atr\u00e1s apenas do Massacre do Carandiru, ocorrido em 1992, em S\u00e3o Paulo, quando 111 presos foram mortos.<\/p>\n<p>Entre as provid\u00eancias para instruir os procedimentos est\u00e1 a expedi\u00e7\u00e3o de of\u00edcios aos governadores dos estados e ao ministro da Justi\u00e7a solicitando informa\u00e7\u00f5es.<\/p>\n<p>Fonte: Exame<\/p>\n<\/section>\n<section class=\"article-tags\"><\/section>\n","protected":false},"excerpt":{"rendered":"<p>O procurador-geral da Rep\u00fablica em exerc\u00edcio, Nicolao Dino, instaurou quatro procedimentos administrativos para investigar o sistema penitenci\u00e1rio\u00a0do Amazonas, Pernambuco, Rio Grande do Sul e Rond\u00f4nia&#8230;.<\/p>\n","protected":false},"author":1182,"featured_media":22159,"comment_status":"closed","ping_status":"closed","sticky":false,"template":"","format":"standard","meta":{"footnotes":""},"categories":[6],"tags":[],"class_list":["post-22158","post","type-post","status-publish","format-standard","has-post-thumbnail","hentry","category-noticias"],"_links":{"self":[{"href":"https:\/\/www.sincomam.org.br\/index.php\/wp-json\/wp\/v2\/posts\/22158","targetHints":{"allow":["GET"]}}],"collection":[{"href":"https:\/\/www.sincomam.org.br\/index.php\/wp-json\/wp\/v2\/posts"}],"about":[{"href":"https:\/\/www.sincomam.org.br\/index.php\/wp-json\/wp\/v2\/types\/post"}],"author":[{"embeddable":true,"href":"https:\/\/www.sincomam.org.br\/index.php\/wp-json\/wp\/v2\/users\/1182"}],"replies":[{"embeddable":true,"href":"https:\/\/www.sincomam.org.br\/index.php\/wp-json\/wp\/v2\/comments?post=22158"}],"version-history":[{"count":1,"href":"https:\/\/www.sincomam.org.br\/index.php\/wp-json\/wp\/v2\/posts\/22158\/revisions"}],"predecessor-version":[{"id":22160,"href":"https:\/\/www.sincomam.org.br\/index.php\/wp-json\/wp\/v2\/posts\/22158\/revisions\/22160"}],"wp:featuredmedia":[{"embeddable":true,"href":"https:\/\/www.sincomam.org.br\/index.php\/wp-json\/wp\/v2\/media\/22159"}],"wp:attachment":[{"href":"https:\/\/www.sincomam.org.br\/index.php\/wp-json\/wp\/v2\/media?parent=22158"}],"wp:term":[{"taxonomy":"category","embeddable":true,"href":"https:\/\/www.sincomam.org.br\/index.php\/wp-json\/wp\/v2\/categories?post=22158"},{"taxonomy":"post_tag","embeddable":true,"href":"https:\/\/www.sincomam.org.br\/index.php\/wp-json\/wp\/v2\/tags?post=22158"}],"curies":[{"name":"wp","href":"https:\/\/api.w.org\/{rel}","templated":true}]}}