{"id":22072,"date":"2017-01-03T00:27:46","date_gmt":"2017-01-03T02:27:46","guid":{"rendered":"http:\/\/www.sincomam.org.br\/?p=22072"},"modified":"2016-12-27T09:39:12","modified_gmt":"2016-12-27T11:39:12","slug":"vereadores-que-aprovaram-aumento-do-proprio-salario-tem-r-46-milhoes-em-bens","status":"publish","type":"post","link":"https:\/\/www.sincomam.org.br\/index.php\/vereadores-que-aprovaram-aumento-do-proprio-salario-tem-r-46-milhoes-em-bens\/","title":{"rendered":"Vereadores que aprovaram aumento do pr\u00f3prio sal\u00e1rio t\u00eam R$ 46 milh\u00f5es em bens"},"content":{"rendered":"<div class=\"box open\">\n<div class=\"content\">\n<p>Os 30 vereadores que votaram a favor do aumento de 26,3% de seus pr\u00f3prios sal\u00e1rios t\u00eam juntos R$ 46 milh\u00f5es em patrim\u00f4nio pessoal \u2013 uma m\u00e9dia de R$ 1,5 milh\u00e3o para cada. Considerando todos os parlamentares que aprovaram o reajuste, a soma do investimento nas respectivas campanhas eleitorais, com base em dados do Tribunal Superior Eleitoral (TSE), chega a R$ 11,5 milh\u00f5es. Dos 30, por\u00e9m, nove n\u00e3o obtiveram sucesso nas urnas e est\u00e3o como suplentes.\u00a0\u00a0<\/p>\n<p>Para os paulistanos, chegaria a R$ 2,1 milh\u00f5es por ano o custo por vereador da capital, considerando o reajuste salarial, a verba de gabinete e outros benef\u00edcios \u2013 que ainda podem ser reajustados em 2017.\u00a0\u00a0<\/p>\n<p>Dois dos mais ricos parlamentares de S\u00e3o Paulo assinam o projeto, que foi aprovado na semana passada em menos de cinco minutos. S\u00e3o eles: Adilson Amadeu (PTB), com R$ 8,5 milh\u00f5es de patrim\u00f4nio declarado na elei\u00e7\u00e3o deste ano; e Milton Leite (DEM), que soma R$ 2,8 milh\u00f5es. Eles investiram R$ 2,6 milh\u00f5es para se reeleger.\u00a0\u00a0<\/p>\n<p>Anteontem, a Justi\u00e7a derrubou o reajuste por liminar, atendendo a\u00e7\u00e3o popular. O juiz Alberto Alonso Mu\u00f1oz, do Tribunal de Justi\u00e7a de S\u00e3o Paulo (TJ-SP), determinou a manuten\u00e7\u00e3o do valor atual. Eleitores revoltados, que nos \u00faltimos dias encheram os perfis dos vereadores no Facebook com cr\u00edticas, festejaram a decis\u00e3o. A Presid\u00eancia da Casa diz que vai recorrer. A Ordem dos Advogados do Brasil estuda entrar com a\u00e7\u00e3o para tamb\u00e9m barrar o reajuste.\u00a0<\/p>\n<p>No dia 20, os vereadores haviam aprovado o aumento dos pr\u00f3prios sal\u00e1rios em 26,3%, para R$ 18.991,68, a partir de janeiro, quando come\u00e7a a nova legislatura. Os parlamentares recebem atualmente R$ 15.031,76.\u00a0\u00a0<\/p>\n<p><strong>Milion\u00e1rios.<\/strong>\u00a0Dos 30 que votaram a favor do aumento do pr\u00f3prio sal\u00e1rio, 13 s\u00e3o milion\u00e1rios. Vereador desde 2004, o despachante e empres\u00e1rio Adilson Amadeu vai para o quarto mandato e \u00e9 hoje o parlamentar mais rico do grupo. O segundo mais abastado \u00e9 Wadih Mutran (PDT), com R$ 4,7 milh\u00f5es, e o terceiro \u00e9 Gilson Barreto (PSDB), com R$ 3,1 milh\u00f5es.\u00a0<\/p>\n<p>Somente o patrim\u00f4nio declarado de Amadeu \u2013 R$ 8,5 milh\u00f5es \u2013 supera a soma de recursos declarados de todos os 17 vereadores que n\u00e3o est\u00e3o entre os milion\u00e1rios. Na lista de bens, o petebista tem seis apartamentos \u2013 um deles, localizado em Santana, \u00e9 avaliado em R$ 2,8 milh\u00f5es. H\u00e1 ainda outros quatro im\u00f3veis na rela\u00e7\u00e3o.\u00a0\u00a0<\/p>\n<p>Amadeu diz que seu patrim\u00f4nio \u201c\u00e9 muito pouco\u201d e \u201cdeveria ser muito maior\u201d. Segundo ele, a verba de gabinete \u00e9 \u201cgasta mesmo\u201d, mas em a\u00e7\u00f5es para seus eleitores. \u201cTive funcion\u00e1rios na empresa que levaram meu patrim\u00f4nio. Deveria ter muito mais. \u00c9 muito pouco isso\u201d, afirma. \u201cQuem trabalha 55 anos registrado tem o direito de ter patrim\u00f4nio. Melhor ter patrim\u00f4nio declarado e pagar do que fazer as coisas \u00e0s escondidas.\u201d\u00a0<\/p>\n<p>J\u00e1 o vereador Milton Leite (DEM) destaca que deixou de gastar R$ 158 mil da verba dispon\u00edvel para seu gabinete, economizando tr\u00eas vezes o que receber\u00e1 a mais de sal\u00e1rio em todo o ano que vem (R$ 47 mil) se o aumento entrar em vigor. \u201cApesar de ter direito a gastar mais, n\u00e3o gastei. Fiz a minha li\u00e7\u00e3o de casa. Voc\u00ea quer falar do sal\u00e1rio, mas a sociedade n\u00e3o quer falar s\u00f3 sobre o sal\u00e1rio. A sociedade est\u00e1 perguntando o seguinte: o que os vereadores gastaram em 2016, em um ano de crise, que j\u00e1 poderiam e deveriam ter economizado?\u201d<\/p>\n<p>Fonte: O Estado de S\u00e3o Paulo<\/p>\n<\/div>\n<div class=\"correcoes-atalho\">\n<p>&nbsp;<\/p>\n<\/div>\n<\/div>\n<p><span><\/span><\/p>\n","protected":false},"excerpt":{"rendered":"<p>Os 30 vereadores que votaram a favor do aumento de 26,3% de seus pr\u00f3prios sal\u00e1rios t\u00eam juntos R$ 46 milh\u00f5es em patrim\u00f4nio pessoal \u2013 uma&#8230;<\/p>\n","protected":false},"author":1182,"featured_media":18331,"comment_status":"closed","ping_status":"closed","sticky":false,"template":"","format":"standard","meta":{"footnotes":""},"categories":[6],"tags":[],"class_list":["post-22072","post","type-post","status-publish","format-standard","has-post-thumbnail","hentry","category-noticias"],"_links":{"self":[{"href":"https:\/\/www.sincomam.org.br\/index.php\/wp-json\/wp\/v2\/posts\/22072","targetHints":{"allow":["GET"]}}],"collection":[{"href":"https:\/\/www.sincomam.org.br\/index.php\/wp-json\/wp\/v2\/posts"}],"about":[{"href":"https:\/\/www.sincomam.org.br\/index.php\/wp-json\/wp\/v2\/types\/post"}],"author":[{"embeddable":true,"href":"https:\/\/www.sincomam.org.br\/index.php\/wp-json\/wp\/v2\/users\/1182"}],"replies":[{"embeddable":true,"href":"https:\/\/www.sincomam.org.br\/index.php\/wp-json\/wp\/v2\/comments?post=22072"}],"version-history":[{"count":1,"href":"https:\/\/www.sincomam.org.br\/index.php\/wp-json\/wp\/v2\/posts\/22072\/revisions"}],"predecessor-version":[{"id":22073,"href":"https:\/\/www.sincomam.org.br\/index.php\/wp-json\/wp\/v2\/posts\/22072\/revisions\/22073"}],"wp:featuredmedia":[{"embeddable":true,"href":"https:\/\/www.sincomam.org.br\/index.php\/wp-json\/wp\/v2\/media\/18331"}],"wp:attachment":[{"href":"https:\/\/www.sincomam.org.br\/index.php\/wp-json\/wp\/v2\/media?parent=22072"}],"wp:term":[{"taxonomy":"category","embeddable":true,"href":"https:\/\/www.sincomam.org.br\/index.php\/wp-json\/wp\/v2\/categories?post=22072"},{"taxonomy":"post_tag","embeddable":true,"href":"https:\/\/www.sincomam.org.br\/index.php\/wp-json\/wp\/v2\/tags?post=22072"}],"curies":[{"name":"wp","href":"https:\/\/api.w.org\/{rel}","templated":true}]}}