{"id":22059,"date":"2017-01-02T00:00:07","date_gmt":"2017-01-02T02:00:07","guid":{"rendered":"http:\/\/www.sincomam.org.br\/?p=22059"},"modified":"2016-12-26T12:43:31","modified_gmt":"2016-12-26T14:43:31","slug":"governo-libera-r-962-milhoes-para-custear-servicos-do-sus","status":"publish","type":"post","link":"https:\/\/www.sincomam.org.br\/index.php\/governo-libera-r-962-milhoes-para-custear-servicos-do-sus\/","title":{"rendered":"Governo libera R$ 962 milh\u00f5es para custear servi\u00e7os do SUS"},"content":{"rendered":"<p>O Minist\u00e9rio da Sa\u00fade\u00a0vai liberar R$ 962,3 milh\u00f5es para o funcionamento de 1.966 servi\u00e7os na rede p\u00fablica. A medida, segundo a pasta, garante o atendimento da popula\u00e7\u00e3o em unidades que j\u00e1 estavam em atividade, mas sem a contrapartida do governo federal.<\/p>\n<p>As portarias devem ser publicadas ainda esta semana no Di\u00e1rio Oficial da Uni\u00e3o.<\/p>\n<p>Entre os servi\u00e7os contemplados est\u00e3o 53 para atendimento de pacientes com c\u00e2ncer, 71 para assist\u00eancia a gestantes e beb\u00eas, 421 para a rede de urg\u00eancia e emerg\u00eancia, 94 para assist\u00eancia em unidades de terapia intensiva e 39 para cuidados de pessoas com defici\u00eancia.<\/p>\n<p>O ministro da Sa\u00fade, Ricardo Barros, avaliou que o montante s\u00f3 pode ser liberado gra\u00e7as a otimiza\u00e7\u00e3o dos gastos p\u00fablicos. Durante entrevista aos jornalistas, ele informou que, nos 200 dias em que esteve \u00e0 frente da pasta, foi alcan\u00e7ada uma efici\u00eancia econ\u00f4mica total de R$ 1,9 bilh\u00e3o.<\/p>\n<p>Esses novos recursos, resultado de uma economia no per\u00edodo de setembro a dezembro deste ano, devem beneficiar, segundo Barros, 1.057 munic\u00edpios de todas as unidades da Federa\u00e7\u00e3o. \u201cTemos boas not\u00edcias. Estamos investindo muitos recursos a mais em sa\u00fade\u201d, disse.<\/p>\n<h3>Repelentes<\/h3>\n<p>Apenas a negocia\u00e7\u00e3o para a compra de repelentes, de acordo com o ministro, gerou uma economia de R$ 128 milh\u00f5es aos cofres p\u00fablicos. Foram adquiridas pelo governo federal um total de 3 bilh\u00f5es de horas de prote\u00e7\u00e3o contra o mosquito Aedes aegypti, transmissor da dengue, zika e chikungunya.<\/p>\n<p>A compra dos produtos, segundo Barros, ainda est\u00e1 em processo de licita\u00e7\u00e3o. A expectativa da pasta \u00e9 que, em at\u00e9 15 dias ap\u00f3s a conclus\u00e3o desta fase, o fornecimento dos repelentes a gestantes do Programa Bolsa Fam\u00edlia seja iniciado.<\/p>\n","protected":false},"excerpt":{"rendered":"<p>O Minist\u00e9rio da Sa\u00fade\u00a0vai liberar R$ 962,3 milh\u00f5es para o funcionamento de 1.966 servi\u00e7os na rede p\u00fablica. A medida, segundo a pasta, garante o atendimento&#8230;<\/p>\n","protected":false},"author":1182,"featured_media":19507,"comment_status":"closed","ping_status":"closed","sticky":false,"template":"","format":"standard","meta":{"footnotes":""},"categories":[6],"tags":[],"class_list":["post-22059","post","type-post","status-publish","format-standard","has-post-thumbnail","hentry","category-noticias"],"_links":{"self":[{"href":"https:\/\/www.sincomam.org.br\/index.php\/wp-json\/wp\/v2\/posts\/22059","targetHints":{"allow":["GET"]}}],"collection":[{"href":"https:\/\/www.sincomam.org.br\/index.php\/wp-json\/wp\/v2\/posts"}],"about":[{"href":"https:\/\/www.sincomam.org.br\/index.php\/wp-json\/wp\/v2\/types\/post"}],"author":[{"embeddable":true,"href":"https:\/\/www.sincomam.org.br\/index.php\/wp-json\/wp\/v2\/users\/1182"}],"replies":[{"embeddable":true,"href":"https:\/\/www.sincomam.org.br\/index.php\/wp-json\/wp\/v2\/comments?post=22059"}],"version-history":[{"count":1,"href":"https:\/\/www.sincomam.org.br\/index.php\/wp-json\/wp\/v2\/posts\/22059\/revisions"}],"predecessor-version":[{"id":22060,"href":"https:\/\/www.sincomam.org.br\/index.php\/wp-json\/wp\/v2\/posts\/22059\/revisions\/22060"}],"wp:featuredmedia":[{"embeddable":true,"href":"https:\/\/www.sincomam.org.br\/index.php\/wp-json\/wp\/v2\/media\/19507"}],"wp:attachment":[{"href":"https:\/\/www.sincomam.org.br\/index.php\/wp-json\/wp\/v2\/media?parent=22059"}],"wp:term":[{"taxonomy":"category","embeddable":true,"href":"https:\/\/www.sincomam.org.br\/index.php\/wp-json\/wp\/v2\/categories?post=22059"},{"taxonomy":"post_tag","embeddable":true,"href":"https:\/\/www.sincomam.org.br\/index.php\/wp-json\/wp\/v2\/tags?post=22059"}],"curies":[{"name":"wp","href":"https:\/\/api.w.org\/{rel}","templated":true}]}}