{"id":22057,"date":"2017-01-02T00:40:52","date_gmt":"2017-01-02T02:40:52","guid":{"rendered":"http:\/\/www.sincomam.org.br\/?p=22057"},"modified":"2016-12-26T12:41:59","modified_gmt":"2016-12-26T14:41:59","slug":"temer-se-arrisca-e-deve-nomear-imbassahy-so-em-fevereiro","status":"publish","type":"post","link":"https:\/\/www.sincomam.org.br\/index.php\/temer-se-arrisca-e-deve-nomear-imbassahy-so-em-fevereiro\/","title":{"rendered":"Temer se arrisca e deve nomear Imbassahy s\u00f3 em fevereiro"},"content":{"rendered":"<p>O presidente Michel Temer\u00a0(PMDB) est\u00e1 decidido a protelar a indica\u00e7\u00e3o do deputado federal Antonio Imbassahy (PSDB-BA) para a Secretaria do Governo. O cargo est\u00e1 vago desde o in\u00edcio de dezembro, quando Geddel Vieira Lima (PMDB-BA) pediu demiss\u00e3o.<\/p>\n<p>Interlocutores do peemedebista afirmaram ao Bras\u00edlia em Pauta\u00a0que o presidente deve confirmar o tucano no cargo apenas em fevereiro. \u201cTemer sabe que indicar Imbassahy agora representaria um aceno de estabilidade ao mercado. A indica\u00e7\u00e3o, por\u00e9m, pode n\u00e3o ser interessante internamente\u201d, disse uma fonte pr\u00f3xima a Temer.<\/p>\n<p>Se o martelo j\u00e1 est\u00e1 batido, por que nomear Imbassahy s\u00f3 em fevereiro? Auxiliares de Temer dizem que a decis\u00e3o do presidente est\u00e1 diretamente relacionada a elei\u00e7\u00e3o da presid\u00eancia da C\u00e2mara. Se Rodrigo Maia\u00a0(DEM-RJ) conseguir se reeleger no comando da Casa, a indica\u00e7\u00e3o de Imbassahy deve sair em quest\u00e3o de horas. Por\u00e9m, caso qualquer nome do Centr\u00e3o ven\u00e7a a disputa, o presidente pode reconsiderar a indica\u00e7\u00e3o ao cargo deixado por Geddel.<\/p>\n<p>\u201cSe Maia n\u00e3o\u00a0conseguir emplacar sua reelei\u00e7\u00e3o, Temer deve repensar quem indicar\u00e1 para a Secretaria do Governo. Com uma eventual derrota de Maia, ele precisar\u00e1 de algu\u00e9m mais pr\u00f3ximo dele em um cargo que articula as negocia\u00e7\u00f5es entre o Planalto e o Congresso\u201d, afirmou um interlocutor do peemedebista.<\/p>\n","protected":false},"excerpt":{"rendered":"<p>O presidente Michel Temer\u00a0(PMDB) est\u00e1 decidido a protelar a indica\u00e7\u00e3o do deputado federal Antonio Imbassahy (PSDB-BA) para a Secretaria do Governo. O cargo est\u00e1 vago&#8230;<\/p>\n","protected":false},"author":1182,"featured_media":19480,"comment_status":"closed","ping_status":"closed","sticky":false,"template":"","format":"standard","meta":{"footnotes":""},"categories":[6],"tags":[],"class_list":["post-22057","post","type-post","status-publish","format-standard","has-post-thumbnail","hentry","category-noticias"],"_links":{"self":[{"href":"https:\/\/www.sincomam.org.br\/index.php\/wp-json\/wp\/v2\/posts\/22057","targetHints":{"allow":["GET"]}}],"collection":[{"href":"https:\/\/www.sincomam.org.br\/index.php\/wp-json\/wp\/v2\/posts"}],"about":[{"href":"https:\/\/www.sincomam.org.br\/index.php\/wp-json\/wp\/v2\/types\/post"}],"author":[{"embeddable":true,"href":"https:\/\/www.sincomam.org.br\/index.php\/wp-json\/wp\/v2\/users\/1182"}],"replies":[{"embeddable":true,"href":"https:\/\/www.sincomam.org.br\/index.php\/wp-json\/wp\/v2\/comments?post=22057"}],"version-history":[{"count":1,"href":"https:\/\/www.sincomam.org.br\/index.php\/wp-json\/wp\/v2\/posts\/22057\/revisions"}],"predecessor-version":[{"id":22058,"href":"https:\/\/www.sincomam.org.br\/index.php\/wp-json\/wp\/v2\/posts\/22057\/revisions\/22058"}],"wp:featuredmedia":[{"embeddable":true,"href":"https:\/\/www.sincomam.org.br\/index.php\/wp-json\/wp\/v2\/media\/19480"}],"wp:attachment":[{"href":"https:\/\/www.sincomam.org.br\/index.php\/wp-json\/wp\/v2\/media?parent=22057"}],"wp:term":[{"taxonomy":"category","embeddable":true,"href":"https:\/\/www.sincomam.org.br\/index.php\/wp-json\/wp\/v2\/categories?post=22057"},{"taxonomy":"post_tag","embeddable":true,"href":"https:\/\/www.sincomam.org.br\/index.php\/wp-json\/wp\/v2\/tags?post=22057"}],"curies":[{"name":"wp","href":"https:\/\/api.w.org\/{rel}","templated":true}]}}