{"id":22049,"date":"2016-12-29T00:30:47","date_gmt":"2016-12-29T02:30:47","guid":{"rendered":"http:\/\/www.sincomam.org.br\/?p=22049"},"modified":"2016-12-26T12:32:26","modified_gmt":"2016-12-26T14:32:26","slug":"camara-recebe-mais-de-100-eventos-religiosos-em-2016","status":"publish","type":"post","link":"https:\/\/www.sincomam.org.br\/index.php\/camara-recebe-mais-de-100-eventos-religiosos-em-2016\/","title":{"rendered":"C\u00e2mara recebeu mais de 100 eventos religiosos em 2016"},"content":{"rendered":"<section class=\"article-content\">\n<p>Nas horas vagas, as comiss\u00f5es da C\u00e2mara dos Deputados\u00a0receberam mais de 100 eventos religiosos em 2016. Buscando preservar a laicidade do Estado, a Casa defere todos os pedidos para a realiza\u00e7\u00e3o de celebra\u00e7\u00f5es religiosas.<\/p>\n<p>Semanalmente, plen\u00e1rios da Casa sediam missas e cultos. Cerim\u00f4nias esp\u00edritas e da Seicho-no-ie tamb\u00e9m acontecem com regularidade, por\u00e9m, com menor frequ\u00eancia, segundo informa\u00e7\u00f5es da assessoria de imprensa da C\u00e2mara.<\/p>\n<p>\u201cDesde que n\u00e3o interfiram em nenhuma atividade parlamentar ou institucional e que observem a anteced\u00eancia m\u00e1xima de 15 dias, todos os pedidos s\u00e3o deferidos, independentemente da natureza do culto religioso, preservando-se a laicidade do Estado\u201d, afirmou a Casa por e-mail.<\/p>\n<p>A\u00a0Casa informou que os eventos religiosos realizados nos plen\u00e1rios das comiss\u00f5es da C\u00e2mara dos Deputados t\u00eam origem em pedidos de grupos de servidores, de terceirizados ou de deputados federais que desejam ocupar esses espa\u00e7os \u2013 muitas vezes em hor\u00e1rio de almo\u00e7o \u2013 para professar suas cren\u00e7as.<\/p>\n<p>As cerim\u00f4nias passaram a ocorrer com mais regularidade a partir de 2009. Os eventos religiosos nos plen\u00e1rios ocorrem em m\u00e9dia tr\u00eas vezes por semana, \u00e0s segundas, quartas (nos intervalos entre reuni\u00f5es) e sextas-feiras. As cerim\u00f4nias s\u00e3o suspensas durante o recesso parlamentar.<\/p>\n<p>A C\u00e2mara tem algum gasto para viabilizar a realiza\u00e7\u00e3o das cerim\u00f4nias? Segundo a equipe de comunica\u00e7\u00e3o da Casa, o uso dos plen\u00e1rios para atividades n\u00e3o-legislativas\/administrativas \u2013 o que inclui os eventos religiosos \u2013 n\u00e3o acarreta despesas para a C\u00e2mara. \u201cA participa\u00e7\u00e3o da Casa nesse tipo de evento est\u00e1 restrita \u00e0 cess\u00e3o dos espa\u00e7os\u201d.<\/p>\n<p>Fonte: Exame<\/p>\n<\/section>\n<section class=\"article-tags\"><\/section>\n","protected":false},"excerpt":{"rendered":"<p>Nas horas vagas, as comiss\u00f5es da C\u00e2mara dos Deputados\u00a0receberam mais de 100 eventos religiosos em 2016. Buscando preservar a laicidade do Estado, a Casa defere&#8230;<\/p>\n","protected":false},"author":1182,"featured_media":18116,"comment_status":"closed","ping_status":"closed","sticky":false,"template":"","format":"standard","meta":{"footnotes":""},"categories":[6],"tags":[],"class_list":["post-22049","post","type-post","status-publish","format-standard","has-post-thumbnail","hentry","category-noticias"],"_links":{"self":[{"href":"https:\/\/www.sincomam.org.br\/index.php\/wp-json\/wp\/v2\/posts\/22049","targetHints":{"allow":["GET"]}}],"collection":[{"href":"https:\/\/www.sincomam.org.br\/index.php\/wp-json\/wp\/v2\/posts"}],"about":[{"href":"https:\/\/www.sincomam.org.br\/index.php\/wp-json\/wp\/v2\/types\/post"}],"author":[{"embeddable":true,"href":"https:\/\/www.sincomam.org.br\/index.php\/wp-json\/wp\/v2\/users\/1182"}],"replies":[{"embeddable":true,"href":"https:\/\/www.sincomam.org.br\/index.php\/wp-json\/wp\/v2\/comments?post=22049"}],"version-history":[{"count":2,"href":"https:\/\/www.sincomam.org.br\/index.php\/wp-json\/wp\/v2\/posts\/22049\/revisions"}],"predecessor-version":[{"id":22051,"href":"https:\/\/www.sincomam.org.br\/index.php\/wp-json\/wp\/v2\/posts\/22049\/revisions\/22051"}],"wp:featuredmedia":[{"embeddable":true,"href":"https:\/\/www.sincomam.org.br\/index.php\/wp-json\/wp\/v2\/media\/18116"}],"wp:attachment":[{"href":"https:\/\/www.sincomam.org.br\/index.php\/wp-json\/wp\/v2\/media?parent=22049"}],"wp:term":[{"taxonomy":"category","embeddable":true,"href":"https:\/\/www.sincomam.org.br\/index.php\/wp-json\/wp\/v2\/categories?post=22049"},{"taxonomy":"post_tag","embeddable":true,"href":"https:\/\/www.sincomam.org.br\/index.php\/wp-json\/wp\/v2\/tags?post=22049"}],"curies":[{"name":"wp","href":"https:\/\/api.w.org\/{rel}","templated":true}]}}