{"id":22038,"date":"2016-12-26T00:44:04","date_gmt":"2016-12-26T02:44:04","guid":{"rendered":"http:\/\/www.sincomam.org.br\/?p=22038"},"modified":"2016-12-25T10:45:00","modified_gmt":"2016-12-25T12:45:00","slug":"temer-diz-que-2017-sera-o-ano-em-que-derrotaremos-a-crise","status":"publish","type":"post","link":"https:\/\/www.sincomam.org.br\/index.php\/temer-diz-que-2017-sera-o-ano-em-que-derrotaremos-a-crise\/","title":{"rendered":"Temer diz que 2017 ser\u00e1 o ano em que \u2018derrotaremos a crise\u2019"},"content":{"rendered":"<p>Em seu discurso de Natal, que veiculado na noite deste s\u00e1bado em cadeia nacional, o presidente Michel Temer defendeu as medidas econ\u00f4micas tomadas \u201cem pouco mais de cem dias\u201d de governo definitivo e colocou 2017 como o ano em que \u201cderrotaremos a crise\u201d. Sem mes\u00f3clises ou formalidades, Temer optou por uma linguagem simples para convencer a popula\u00e7\u00e3o dos benef\u00edcios trazidos por mudan\u00e7as feitas, como a emenda constitucional que congela os gastos p\u00fablicos por 20 anos e a lei de responsabilidade das estatais.<\/p>\n<p>\u201cCom os esfor\u00e7os que fizemos a infla\u00e7\u00e3o caiu e voltou a ficar dentro da meta, o que vai colocar um freio na carestia que voc\u00ea sente no supermercado\u201d, disse o presidente, no discurso. Em outro trecho, destacou que os \u201cbrasileiros pagam muitos impostos e pouco recebem em troca\u201d, para afirmar que tem como desafio \u201cdesburocratizar o Estado e melhorar a qualidade da administra\u00e7\u00e3o p\u00fablica\u201d.<\/p>\n<p>Numa refer\u00eancia ao fim do mandato e ano de elei\u00e7\u00f5es, Temer disse: \u201cChegaremos em 2018 preparados e fortes para avan\u00e7ar ainda mais\u201d. Segundo ele, al\u00e9m das medidas j\u00e1 tomadas, \u00e9 preciso avan\u00e7ar em outras reformas estruturais, como a do ensino m\u00e9dio e da Previd\u00eancia. \u201cEstamos come\u00e7ando a reforma da Previd\u00eancia para que sua sagrada aposentadoria esteja garantida agora e no futuro\u201d, declarou.\u00a0<\/p>\n<p>Temer frisou, ao longo do discurso, que as medidas foram tomadas \u201cem poucos meses\u201d para mudar as estruturas do pa\u00eds num \u201cdesafio complexo e \u00e1rduo, mas indispens\u00e1vel\u201d. Ressaltou que a Sa\u00fade, grande preocupa\u00e7\u00e3o dos brasileiros, ter\u00e1 R$ 8 bilh\u00f5es a mais no or\u00e7amento. Mas foi o \u00fanico n\u00famero usado pelo presidente, que optou por um discurso mais emocional, dentro do esp\u00edrito natalino, do que baseado em dados ou estat\u00edsticas. \u201cQue nos deixemos, portanto, guiar pelas virtudes da temperan\u00e7a e da solidariedade\u201d, pediu.\u00a0<\/p>\n<p>O presidente fez uma homenagem ao cardeal Dom Paulo Evaristo Arns, que morreu recentemente, apontando que esperan\u00e7a e coragem foram o lema e marca do religioso para dizer que \u201ccoragem e sentimento de esperan\u00e7a\u201d n\u00e3o faltar\u00e3o a ele na condu\u00e7\u00e3o do pa\u00eds. Pregando a certeza de que o Brasil retomar\u00e1 \u201cdesta vez um crescimento sustent\u00e1vel e respons\u00e1vel\u201d, Temer pediu a ajuda de todos para \u201creconstruir o pa\u00eds\u201d, prometendo que \u201co pr\u00f3ximo Natal ser\u00e1 muito melhor que este\u201d. `<\/p>\n<p>Fonte: G1<\/p>\n","protected":false},"excerpt":{"rendered":"<p>Em seu discurso de Natal, que veiculado na noite deste s\u00e1bado em cadeia nacional, o presidente Michel Temer defendeu as medidas econ\u00f4micas tomadas \u201cem pouco&#8230;<\/p>\n","protected":false},"author":1182,"featured_media":19480,"comment_status":"closed","ping_status":"closed","sticky":false,"template":"","format":"standard","meta":{"footnotes":""},"categories":[6],"tags":[],"class_list":["post-22038","post","type-post","status-publish","format-standard","has-post-thumbnail","hentry","category-noticias"],"_links":{"self":[{"href":"https:\/\/www.sincomam.org.br\/index.php\/wp-json\/wp\/v2\/posts\/22038","targetHints":{"allow":["GET"]}}],"collection":[{"href":"https:\/\/www.sincomam.org.br\/index.php\/wp-json\/wp\/v2\/posts"}],"about":[{"href":"https:\/\/www.sincomam.org.br\/index.php\/wp-json\/wp\/v2\/types\/post"}],"author":[{"embeddable":true,"href":"https:\/\/www.sincomam.org.br\/index.php\/wp-json\/wp\/v2\/users\/1182"}],"replies":[{"embeddable":true,"href":"https:\/\/www.sincomam.org.br\/index.php\/wp-json\/wp\/v2\/comments?post=22038"}],"version-history":[{"count":1,"href":"https:\/\/www.sincomam.org.br\/index.php\/wp-json\/wp\/v2\/posts\/22038\/revisions"}],"predecessor-version":[{"id":22039,"href":"https:\/\/www.sincomam.org.br\/index.php\/wp-json\/wp\/v2\/posts\/22038\/revisions\/22039"}],"wp:featuredmedia":[{"embeddable":true,"href":"https:\/\/www.sincomam.org.br\/index.php\/wp-json\/wp\/v2\/media\/19480"}],"wp:attachment":[{"href":"https:\/\/www.sincomam.org.br\/index.php\/wp-json\/wp\/v2\/media?parent=22038"}],"wp:term":[{"taxonomy":"category","embeddable":true,"href":"https:\/\/www.sincomam.org.br\/index.php\/wp-json\/wp\/v2\/categories?post=22038"},{"taxonomy":"post_tag","embeddable":true,"href":"https:\/\/www.sincomam.org.br\/index.php\/wp-json\/wp\/v2\/tags?post=22038"}],"curies":[{"name":"wp","href":"https:\/\/api.w.org\/{rel}","templated":true}]}}