{"id":22036,"date":"2016-12-26T00:20:09","date_gmt":"2016-12-26T02:20:09","guid":{"rendered":"http:\/\/www.sincomam.org.br\/?p=22036"},"modified":"2016-12-25T10:43:50","modified_gmt":"2016-12-25T12:43:50","slug":"rio-minas-rio-grande-do-sul-e-goias-comecam-2017-com-deficit-de-r-30-bi","status":"publish","type":"post","link":"https:\/\/www.sincomam.org.br\/index.php\/rio-minas-rio-grande-do-sul-e-goias-comecam-2017-com-deficit-de-r-30-bi\/","title":{"rendered":"Rio, Minas, Rio Grande do Sul e Goi\u00e1s come\u00e7am 2017 com d\u00e9ficit de R$ 30 bi"},"content":{"rendered":"<p>Com quadro de queda de arrecada\u00e7\u00e3o, aumento de gastos e expectativa de crescimento t\u00edmido da economia, os estados do Rio de Janeiro, Minas Gerais, Rio Grande do Sul e Goi\u00e1s v\u00e3o come\u00e7ar 2017 no vermelho. O d\u00e9ficit desses estados somados para o ano que vem chega a R$ 30,8 bilh\u00f5es. Como resposta, governadores apresentam medidas amargas que v\u00e3o da demiss\u00e3o de funcion\u00e1rios terceirizados e comissionados ao corte de sal\u00e1rios e aumento de contribui\u00e7\u00f5es previdenci\u00e1rias.<\/p>\n<p>Fluminenses, mineiros e ga\u00fachos decretaram estado de calamidade financeira. A medida livra os estados de puni\u00e7\u00f5es por descumprirem a Lei de Responsabilidade Fiscal, como a proibi\u00e7\u00e3o de tomar empr\u00e9stimos ou receber transfer\u00eancias da Uni\u00e3o. A situa\u00e7\u00e3o mais grave \u00e9 a do Rio: o d\u00e9ficit no or\u00e7amento do ano que vem \u00e9 de R$ 19 bilh\u00f5es. Em seguida, aparecem Minas, com R$ 8,06 bilh\u00f5es, e Rio Grande do Sul (R$ 2,9 bilh\u00f5es). Tamb\u00e9m em crise, Goi\u00e1s prev\u00ea um d\u00e9ficit nominal de R$ 931 milh\u00f5es.<\/p>\n<p>O que deve atenuar a crise para os governadores \u00e9 a renegocia\u00e7\u00e3o das d\u00edvidas de estados com a Uni\u00e3o, aprovada na \u00faltima ter\u00e7a-feira, na C\u00e2mara dos Deputados. Com isso, os estados ter\u00e3o de fixar um teto para os gastos p\u00fablicos para os pr\u00f3ximos dois anos, e os governos apresentar\u00e3o um pedido ao Minist\u00e9rio da Fazenda para ingressar no programa de recupera\u00e7\u00e3o fiscal.<\/p>\n<p>No Rio, a Comiss\u00e3o de Finan\u00e7as da Assembleia Legislativa (Alerj) estima que a renegocia\u00e7\u00e3o reduzir\u00e1 o d\u00e9ficit em at\u00e9 R$ 5 bilh\u00f5es. Ainda assim, a situa\u00e7\u00e3o do estado \u00e9 muito delicada. O presidente da Comiss\u00e3o de Finan\u00e7as, Luiz Paulo Corr\u00eaa da Rocha (PSDB), afirma que al\u00e9m do d\u00e9ficit, o Rio levar\u00e1 para o ano que vem restos a pagar deste ano de R$ 17 bilh\u00f5es.<\/p>\n<div id=\"pub-retangulo-2\" class=\"arroba publicidade clearfix\" data-google-query-id=\"CMbPtpiuj9ECFdJHhgodJZkBdg\">\n<div id=\"clover-test-1471967303-2\" class=\"clover-test\">\n<div class=\"adm-player\" id=\"adm-player-wrapper-1471967303-2\" frameborder=\"0\">\n<div id=\"vjs_video_363\" preload=\"auto\" class=\"video-js vjs-default-skin vjs_video_363-dimensions vjs-controls-enabled vjs-vpaid-ad vjs-vpaid-html5-ad vjs-has-started vjs-ad-playing vjs-user-inactive vjs-playing\">\n<div class=\"vjs-control-bar\">\n<div class=\"vjs-volume-menu-button vjs-menu-button vjs-menu-button-inline vjs-control vjs-button  vjs-volume-menu-button-horizontal vjs-vol-0\" role=\"button\" type=\"button\" aria-live=\"polite\" aria-haspopup=\"true\" tabindex=\"0\">\n<div class=\"vjs-menu\">\n<div class=\"vjs-menu-content\">\n<div class=\"vjs-volume-bar vjs-slider-bar vjs-slider vjs-slider-horizontal\" role=\"slider\" aria-valuenow=\"0.00\" aria-valuemin=\"0\" aria-valuemax=\"100\" aria-label=\"volume level\" aria-valuetext=\"0.00%\" tabindex=\"0\">\n<div class=\"vjs-volume-level\"><span class=\"vjs-control-text\"><\/span><\/div>\n<\/div>\n<\/div>\n<\/div>\n<\/div>\n<\/div>\n<\/div>\n<\/div>\n<\/div>\n<\/div>\n<p>Em Minas Gerais, o governo ainda n\u00e3o adotou um pacote anticrise. O governo \u00e9 contr\u00e1rio a algumas propostas da Uni\u00e3o, como o aumento de al\u00edquotas previdenci\u00e1rias e privatiza\u00e7\u00e3o de empresas p\u00fablicas. Embora v\u00e1 entrar o ano com rombo nas contas, a secretaria de Fazenda de Minas justifica que economizou R$ 2 bilh\u00f5es este ano reduzindo despesas de custeio e combatendo a sonega\u00e7\u00e3o fiscal.<\/p>\n<p>No Rio Grande do Sul, o governador Jos\u00e9 Ivo Sartori (PMDB) enviou medidas amargas \u00e0 assembleia legislativa para reduzir a menos da metade o d\u00e9ficit de R$ 2,9 bilh\u00f5es. Uma delas, aprovada na quinta-feira ap\u00f3s 16 horas de discuss\u00e3o e protestos, extinguiu seis funda\u00e7\u00f5es e levar\u00e1 a demiss\u00e3o de 1100 funcion\u00e1rios. Atrasos em repasses prejudicam escolas e hospitais, sobretudo nos munic\u00edpios do interior.<\/p>\n<p>Em Goi\u00e1s, o governador Marconi Perillo (PSDB) tamb\u00e9m mandou um pacote severo de corte de gastos \u00e0 assembleia legislativa para evitar o \u201ccolapso\u201d das contas p\u00fablicas. Entre as medidas, est\u00e3o corte de 20% dos cargos comissionados e aumento de contribui\u00e7\u00f5es previdenci\u00e1rias em 1 ponto percentual.<\/p>\n<p>Fonte: Folha de S\u00e3o Paulo<\/p>\n","protected":false},"excerpt":{"rendered":"<p>Com quadro de queda de arrecada\u00e7\u00e3o, aumento de gastos e expectativa de crescimento t\u00edmido da economia, os estados do Rio de Janeiro, Minas Gerais, Rio&#8230;<\/p>\n","protected":false},"author":1182,"featured_media":18713,"comment_status":"closed","ping_status":"closed","sticky":false,"template":"","format":"standard","meta":{"footnotes":""},"categories":[6],"tags":[],"class_list":["post-22036","post","type-post","status-publish","format-standard","has-post-thumbnail","hentry","category-noticias"],"_links":{"self":[{"href":"https:\/\/www.sincomam.org.br\/index.php\/wp-json\/wp\/v2\/posts\/22036","targetHints":{"allow":["GET"]}}],"collection":[{"href":"https:\/\/www.sincomam.org.br\/index.php\/wp-json\/wp\/v2\/posts"}],"about":[{"href":"https:\/\/www.sincomam.org.br\/index.php\/wp-json\/wp\/v2\/types\/post"}],"author":[{"embeddable":true,"href":"https:\/\/www.sincomam.org.br\/index.php\/wp-json\/wp\/v2\/users\/1182"}],"replies":[{"embeddable":true,"href":"https:\/\/www.sincomam.org.br\/index.php\/wp-json\/wp\/v2\/comments?post=22036"}],"version-history":[{"count":1,"href":"https:\/\/www.sincomam.org.br\/index.php\/wp-json\/wp\/v2\/posts\/22036\/revisions"}],"predecessor-version":[{"id":22037,"href":"https:\/\/www.sincomam.org.br\/index.php\/wp-json\/wp\/v2\/posts\/22036\/revisions\/22037"}],"wp:featuredmedia":[{"embeddable":true,"href":"https:\/\/www.sincomam.org.br\/index.php\/wp-json\/wp\/v2\/media\/18713"}],"wp:attachment":[{"href":"https:\/\/www.sincomam.org.br\/index.php\/wp-json\/wp\/v2\/media?parent=22036"}],"wp:term":[{"taxonomy":"category","embeddable":true,"href":"https:\/\/www.sincomam.org.br\/index.php\/wp-json\/wp\/v2\/categories?post=22036"},{"taxonomy":"post_tag","embeddable":true,"href":"https:\/\/www.sincomam.org.br\/index.php\/wp-json\/wp\/v2\/tags?post=22036"}],"curies":[{"name":"wp","href":"https:\/\/api.w.org\/{rel}","templated":true}]}}