{"id":22019,"date":"2016-12-29T00:05:03","date_gmt":"2016-12-29T02:05:03","guid":{"rendered":"http:\/\/www.sincomam.org.br\/?p=22019"},"modified":"2016-12-22T19:47:24","modified_gmt":"2016-12-22T21:47:24","slug":"maia-afirma-a-meirelles-ter-compromisso-com-o-ajuste-fiscal","status":"publish","type":"post","link":"https:\/\/www.sincomam.org.br\/index.php\/maia-afirma-a-meirelles-ter-compromisso-com-o-ajuste-fiscal\/","title":{"rendered":"Maia afirma a Meirelles ter &#8216;compromisso&#8217; com o ajuste fiscal"},"content":{"rendered":"<p>Em clima de reconcilia\u00e7\u00e3o, ap\u00f3s a vota\u00e7\u00e3o do socorro fiscal sem contrapartida para os Estados, o presidente da C\u00e2mara, Rodrigo Maia (DEM-RJ), recebeu recentemente o ministro da Fazenda, Henrique Meirelles, para tra\u00e7ar uma estrat\u00e9gia para as vota\u00e7\u00f5es da agenda econ\u00f4mica de 2017.<\/p>\n<p>Acompanhado por seus principais auxiliares, Meirelles ouviu de Maia que o objetivo do almo\u00e7o era deixar claro o compromisso dele e da base aliada com o ajuste fiscal e com as pr\u00f3ximas vota\u00e7\u00f5es, entre elas a da reforma da Previd\u00eancia. &#8220;Era para que ficasse claro, para n\u00e3o ter d\u00favida, de nosso compromisso e do nosso apoio \u00e0 equipe econ\u00f4mica&#8221;, disse o deputado.<\/p>\n<p>Maia ressaltou que a vota\u00e7\u00e3o visava dar tranquilidade e ajudar os governadores mas sem abrir m\u00e3o da garantia do equil\u00edbrio fiscal. &#8220;Todos n\u00f3s queremos ajudar os governadores e vamos ajud\u00e1-los sem abrir m\u00e3o do que \u00e9 fundamental: o reequil\u00edbrio das contas p\u00fablicas que v\u00e3o garantir a retomada do crescimento&#8221;, afirmou Maia.<\/p>\n<p>De acordo com Meirelles, todos est\u00e3o de acordo que &#8220;o que precisamos \u00e9 garantir n\u00e3o s\u00f3 que haja um regime de recupera\u00e7\u00e3o fiscal dos Estados mas que seja eficaz&#8221;. O ministro disse que todos concordaram na reuni\u00e3o que era preciso assegurar que o Minist\u00e9rio da Fazenda precisa ter condi\u00e7\u00f5es de apoiar o plano para os Estados e que essas medida precisam ser vi\u00e1veis, de forma que o presidente Michel Temer tenha condi\u00e7\u00f5es de sancion\u00e1-lo.<\/p>\n<p>O ministro enfatizou ainda que a agenda discutida nesta tarde visa garantir que 2017 tenha um crescimento consolidado e que possam ser aprovadas outras medidas para aumentar a taxa de crescimento nos anos seguintes.<\/p>\n<p>Meirelles classificou o encontro como &#8216;extremamente produtivo&#8217; e disse que ficaram acertadas as a\u00e7\u00f5es para o ajuste fiscal, entre elas a quest\u00e3o trabalhista.<\/p>\n<p><strong>Previd\u00eancia<\/strong><\/p>\n<p>No almo\u00e7o, Maia informou a Meirelles tamb\u00e9m o calend\u00e1rio para a vota\u00e7\u00e3o da reforma da Previd\u00eancia na C\u00e2mara. Pelos c\u00e1lculos do deputado, j\u00e1 na primeira semana de fevereiro ser\u00e1 instalada a comiss\u00e3o especial para analisar a PEC. Ele prev\u00ea o cumprimento de apenas 11 sess\u00f5es do colegiado para que o tema v\u00e1 \u00e0 vota\u00e7\u00e3o, o que pode ocorrer at\u00e9 no m\u00e1ximo o final de mar\u00e7o, para ent\u00e3o ser encaminhado ao Senado.<\/p>\n<p>Segundo Maia, durante o m\u00eas de janeiro, no recesso parlamentar, a C\u00e2mara quer reunir alguns deputados em Bras\u00edlia para explicar a import\u00e2ncia da reforma.<\/p>\n<p>Participaram do almo\u00e7o na resid\u00eancia oficial da C\u00e2mara a secretaria do Tesouro, Ana Paula Vescovi, o secret\u00e1rio executivo do Minist\u00e9rio da Fazenda, Eduardo Guardia, al\u00e9m dos deputados Alexandre Baldy (PTN-GO) e o l\u00edder do PSDB e cotado para assumir a Secretaria de Governo, Antonio Imbassahy (BA).<\/p>\n<p>Fonte: Estad\u00e3o Conte\u00fado<\/p>\n","protected":false},"excerpt":{"rendered":"<p>Em clima de reconcilia\u00e7\u00e3o, ap\u00f3s a vota\u00e7\u00e3o do socorro fiscal sem contrapartida para os Estados, o presidente da C\u00e2mara, Rodrigo Maia (DEM-RJ), recebeu recentemente o&#8230;<\/p>\n","protected":false},"author":1182,"featured_media":18019,"comment_status":"closed","ping_status":"closed","sticky":false,"template":"","format":"standard","meta":{"footnotes":""},"categories":[6],"tags":[],"class_list":["post-22019","post","type-post","status-publish","format-standard","has-post-thumbnail","hentry","category-noticias"],"_links":{"self":[{"href":"https:\/\/www.sincomam.org.br\/index.php\/wp-json\/wp\/v2\/posts\/22019","targetHints":{"allow":["GET"]}}],"collection":[{"href":"https:\/\/www.sincomam.org.br\/index.php\/wp-json\/wp\/v2\/posts"}],"about":[{"href":"https:\/\/www.sincomam.org.br\/index.php\/wp-json\/wp\/v2\/types\/post"}],"author":[{"embeddable":true,"href":"https:\/\/www.sincomam.org.br\/index.php\/wp-json\/wp\/v2\/users\/1182"}],"replies":[{"embeddable":true,"href":"https:\/\/www.sincomam.org.br\/index.php\/wp-json\/wp\/v2\/comments?post=22019"}],"version-history":[{"count":2,"href":"https:\/\/www.sincomam.org.br\/index.php\/wp-json\/wp\/v2\/posts\/22019\/revisions"}],"predecessor-version":[{"id":22021,"href":"https:\/\/www.sincomam.org.br\/index.php\/wp-json\/wp\/v2\/posts\/22019\/revisions\/22021"}],"wp:featuredmedia":[{"embeddable":true,"href":"https:\/\/www.sincomam.org.br\/index.php\/wp-json\/wp\/v2\/media\/18019"}],"wp:attachment":[{"href":"https:\/\/www.sincomam.org.br\/index.php\/wp-json\/wp\/v2\/media?parent=22019"}],"wp:term":[{"taxonomy":"category","embeddable":true,"href":"https:\/\/www.sincomam.org.br\/index.php\/wp-json\/wp\/v2\/categories?post=22019"},{"taxonomy":"post_tag","embeddable":true,"href":"https:\/\/www.sincomam.org.br\/index.php\/wp-json\/wp\/v2\/tags?post=22019"}],"curies":[{"name":"wp","href":"https:\/\/api.w.org\/{rel}","templated":true}]}}