{"id":22015,"date":"2016-12-28T00:40:44","date_gmt":"2016-12-28T02:40:44","guid":{"rendered":"http:\/\/www.sincomam.org.br\/?p=22015"},"modified":"2016-12-22T19:42:00","modified_gmt":"2016-12-22T21:42:00","slug":"nao-recuaremos-em-mudancas-nos-cartoes-de-credito-diz-meirelles","status":"publish","type":"post","link":"https:\/\/www.sincomam.org.br\/index.php\/nao-recuaremos-em-mudancas-nos-cartoes-de-credito-diz-meirelles\/","title":{"rendered":"N\u00e3o recuaremos em mudan\u00e7as nos cart\u00f5es de cr\u00e9dito, diz Meirelles"},"content":{"rendered":"<p>A equipe econ\u00f4mica n\u00e3o recuou em rela\u00e7\u00e3o a mudan\u00e7as no sistema de pagamento de cart\u00f5es de cr\u00e9dito, disse o ministro da Fazenda, Henrique Meirelles. De acordo com o ministro, a diminui\u00e7\u00e3o de 30 para dois dias no prazo em que as administradoras de cart\u00f5es de cr\u00e9dito repassam o valor das compras aos lojistas depende apenas de resolu\u00e7\u00e3o do Conselho Monet\u00e1rio Nacional (CMN) para ser fixada.<\/p>\n<p>Segundo Meirelles, o governo espera que os bancos baixem os juros de forma volunt\u00e1ria nos pr\u00f3ximos 30 dias. Caso a redu\u00e7\u00e3o n\u00e3o ocorra, a equipe econ\u00f4mica mudar\u00e1 o prazo, na reuni\u00e3o de janeiro do conselho.<\/p>\n<p>\u201cO cronograma continua rigorosamente. As medidas ser\u00e3o tomadas de uma forma ou de outra. O importante \u00e9 que o custo para o consumidor seja menor. Existe um instrumento do CMN para encurtar o prazo [de pagamento ao lojista]. Os bancos definem os juros. Vamos observar a queda. Se n\u00e3o houver queda, diminu\u00edmos o prazo\u201d, declarou Meirelles.<\/p>\n<p>Na semana passada, ao anunciar o pacote de medidas microecon\u00f4micas no Pal\u00e1cio do Planalto, o ministro tinha dito que a defini\u00e7\u00e3o sairia em dez dias.<\/p>\n<p>No caf\u00e9 da manh\u00e3 de hoje, ele esclareceu que se referia apenas \u00e0 dire\u00e7\u00e3o que o governo pretende tomar \u2013 diminui\u00e7\u00e3o volunt\u00e1ria dos juros ou diminui\u00e7\u00e3o do prazo \u2013 ao informar o prazo de dez dias.<\/p>\n<p>\u201cNa reuni\u00e3o de hoje [do CMN], esse tema n\u00e3o ser\u00e1 discutido. Se os bancos n\u00e3o come\u00e7arem a baixar voluntariamente os juros, o CMN toma a decis\u00e3o na reuni\u00e3o de janeiro\u201d, acrescentou.<\/p>\n<p>O ministro disse n\u00e3o acreditar que as administradoras de cart\u00f5es aumentem os juros em repres\u00e1lia a uma eventual diminui\u00e7\u00e3o do prazo sem acordo com os bancos.<\/p>\n<p>\u201cAcho pouco prov\u00e1vel que o sistema financeiro adote qualquer repres\u00e1lia contra o CMN e o Minist\u00e9rio da Fazenda. Existe um processo normativo dentro do poder de cada um\u201d, afirmou.<\/p>\n<p>Segundo Meirelles, o governo est\u00e1 tomando uma s\u00e9rie de medidas, n\u00e3o apenas relativas aos cart\u00f5es de cr\u00e9dito, para que os bancos reduzam os juros.<\/p>\n<p>Ele disse que o objetivo principal da medida \u00e9 aprimorar o sistema de pagamentos do cart\u00e3o de cr\u00e9dito.<\/p>\n<p>\u201cEstamos aperfei\u00e7oando estrutura de funcionamento do cart\u00e3o de cr\u00e9dito. Estamos tomando uma s\u00e9rie de medidas que permitam os bancos a baixar os juros e a reduzir o custo do sistema financeiro.\u201d<\/p>\n","protected":false},"excerpt":{"rendered":"<p>A equipe econ\u00f4mica n\u00e3o recuou em rela\u00e7\u00e3o a mudan\u00e7as no sistema de pagamento de cart\u00f5es de cr\u00e9dito, disse o ministro da Fazenda, Henrique Meirelles. De&#8230;<\/p>\n","protected":false},"author":1182,"featured_media":19487,"comment_status":"closed","ping_status":"closed","sticky":false,"template":"","format":"standard","meta":{"footnotes":""},"categories":[6],"tags":[],"class_list":["post-22015","post","type-post","status-publish","format-standard","has-post-thumbnail","hentry","category-noticias"],"_links":{"self":[{"href":"https:\/\/www.sincomam.org.br\/index.php\/wp-json\/wp\/v2\/posts\/22015","targetHints":{"allow":["GET"]}}],"collection":[{"href":"https:\/\/www.sincomam.org.br\/index.php\/wp-json\/wp\/v2\/posts"}],"about":[{"href":"https:\/\/www.sincomam.org.br\/index.php\/wp-json\/wp\/v2\/types\/post"}],"author":[{"embeddable":true,"href":"https:\/\/www.sincomam.org.br\/index.php\/wp-json\/wp\/v2\/users\/1182"}],"replies":[{"embeddable":true,"href":"https:\/\/www.sincomam.org.br\/index.php\/wp-json\/wp\/v2\/comments?post=22015"}],"version-history":[{"count":1,"href":"https:\/\/www.sincomam.org.br\/index.php\/wp-json\/wp\/v2\/posts\/22015\/revisions"}],"predecessor-version":[{"id":22016,"href":"https:\/\/www.sincomam.org.br\/index.php\/wp-json\/wp\/v2\/posts\/22015\/revisions\/22016"}],"wp:featuredmedia":[{"embeddable":true,"href":"https:\/\/www.sincomam.org.br\/index.php\/wp-json\/wp\/v2\/media\/19487"}],"wp:attachment":[{"href":"https:\/\/www.sincomam.org.br\/index.php\/wp-json\/wp\/v2\/media?parent=22015"}],"wp:term":[{"taxonomy":"category","embeddable":true,"href":"https:\/\/www.sincomam.org.br\/index.php\/wp-json\/wp\/v2\/categories?post=22015"},{"taxonomy":"post_tag","embeddable":true,"href":"https:\/\/www.sincomam.org.br\/index.php\/wp-json\/wp\/v2\/tags?post=22015"}],"curies":[{"name":"wp","href":"https:\/\/api.w.org\/{rel}","templated":true}]}}