{"id":22007,"date":"2016-12-30T00:08:16","date_gmt":"2016-12-30T02:08:16","guid":{"rendered":"http:\/\/www.sincomam.org.br\/?p=22007"},"modified":"2016-12-22T19:11:05","modified_gmt":"2016-12-22T21:11:05","slug":"temer-se-agarra-a-economia-para-minimizar-crise-politica","status":"publish","type":"post","link":"https:\/\/www.sincomam.org.br\/index.php\/temer-se-agarra-a-economia-para-minimizar-crise-politica\/","title":{"rendered":"Temer se agarra a economia para minimizar crise pol\u00edtica"},"content":{"rendered":"<p>O presidente Michel Temer\u00a0(PMDB) destacou as vit\u00f3rias econ\u00f4micas do seu governo para minimizar eventuais dificuldades pelas quais o pa\u00eds possa passar por conta do agravamento da crise pol\u00edtica. Acompanhado do ministro da Fazenda, Henrique Meirelles, e do chefe da pasta de Planejamento, Dyogo Oliveira, Temer refor\u00e7ou que seu governo tem cara e foco em economia.<\/p>\n<p>Em um caf\u00e9 da manh\u00e3 de quase duas horas com jornalistas, o peemedebista fez novos acenos ao mercado financeiro e lan\u00e7ou um pacote de bondade final de ano, com medidas que tendem a agradar trabalhadores e classe m\u00e9dia. O que h\u00e1 nesse pacote? O governo flexibilizou as exig\u00eancias para o saque das contas do Fundo de Garantia do Tempo de Servi\u00e7o (FGTS).<\/p>\n<p>Agora, trabalhadores poder\u00e3o sacar todo o saldo de contas do FGTS inativas desde dezembro de 2015<span>. As datas de saque est\u00e3o sendo definidas e ser\u00e3o divulgadas em fevereiro de 2017. \u201cA medida deve injetar, ao longo de 2017, R$ 30 bilh\u00f5es na economia, ajudando trabalhadores a quitar suas d\u00edvidas. No total, 10,2 milh\u00f5es podem ser beneficiados com a possibilidade de sacar o fundo de garantia\u201d, estimou Temer.<\/span><\/p>\n<p>Al\u00e9m disso, Temer anunciou uma redu\u00e7\u00e3o dos juros dos cart\u00f5es de cr\u00e9dito.\u00a0Em acordo com bancos e operadoras de cart\u00f5es de cr\u00e9dito,\u00a0o governo est\u00e1 transformando o cart\u00e3o de cr\u00e9dito rotativo em parcelado depois do primeiro vencimento, de 30 dias. Com isso, o Pal\u00e1cio do Planalto estima que os juros caiam pelo menos pela metade, de mais de 400% para menos de 200%.<\/p>\n<h3><strong>Sete meses no poder<\/strong><\/h3>\n<p>O presidente fez um balan\u00e7o sobre os primeiros sete meses de sua presid\u00eancia e comemorou a aprova\u00e7\u00e3o de medidas econ\u00f4micas importantes com vota\u00e7\u00e3o expressiva mesmo durante a madrugada. A fala serve como resposta aos cr\u00edticos de seu governo que dizem\u00a0que o governo aprova medidas \u201cna calada da noite\u201d. \u201cA aprova\u00e7\u00e3o da PEC do Teto\u00a0e a vit\u00f3ria parcial da reforma da Previd\u00eancia simbolizam o bom di\u00e1logo que h\u00e1 entre o Executivo e o Legislativo\u201d, disse.<\/p>\n<p>Ao falar sobre conquistas em outros setores, como a determina\u00e7\u00e3o para que a For\u00e7a A\u00e9rea Brasileira (FAB) disponibilize avi\u00f5es para o transporte \u00a0de \u00f3rg\u00e3os para transplante, Temer n\u00e3o conseguiu manter o entusiasmo dos colegas da equipe econ\u00f4mica. Arrancou alguns bocejos de Meirelles.<\/p>\n<p>Temer tamb\u00e9m falou sobre o futuro. Temer foi contundente ao dizer que n\u00e3o renuncia ao cargo de forma alguma. O presidente disse que n\u00e3o economizar\u00e1 recursos caso o TSE (Tribunal Superior Eleitoral) julgue procedente a a\u00e7\u00e3o que pede a cassa\u00e7\u00e3o da chapa Dilma Rousseff\/Michel Temer. Mesmo sinalizando que recorrer\u00e1, o peemedebista destacou que respeitar\u00e1 a decis\u00e3o final do Poder Judici\u00e1rio.<\/p>\n<p>No primeiro semestre de 2017, o TSE deve julgar uma a\u00e7\u00e3o protocolada pelo PSDB, que pede a cassa\u00e7\u00e3o da chapa Dilma\/Temer por suposto abuso de poder pol\u00edtico e econ\u00f4mico nas elei\u00e7\u00f5es presidenciais de 2014.<\/p>\n<h3><strong>As vantagens de ser impopular<\/strong><\/h3>\n<p>Em sua fala, Temer afirmou que h\u00e1 uma vantagem em ser impopular. Nesse cen\u00e1rio, ele se sente mais \u00e0 vontade para adotar medidas consideradas impopulares, por\u00e9m necess\u00e1ria para reequilibrar a economia brasileira.<\/p>\n<p>\u201cUm governo com popularidade extraordin\u00e1ria n\u00e3o poderia tomar medidas impopulares. Estou aproveitando a suposta impopularidade para tomar medidas impopulares\u201d, disse o presidente. Ao final do caf\u00e9 da manh\u00e3, Temer fez uma ressalva: ele n\u00e3o abre m\u00e3o da popularidade e disse que os \u00edndices que mostram o desagrado popular com sua gest\u00e3o n\u00e3o o incomodam.<\/p>\n<p>Fonte: Exame<\/p>\n","protected":false},"excerpt":{"rendered":"<p>O presidente Michel Temer\u00a0(PMDB) destacou as vit\u00f3rias econ\u00f4micas do seu governo para minimizar eventuais dificuldades pelas quais o pa\u00eds possa passar por conta do agravamento&#8230;<\/p>\n","protected":false},"author":1182,"featured_media":22008,"comment_status":"closed","ping_status":"closed","sticky":false,"template":"","format":"standard","meta":{"footnotes":""},"categories":[6],"tags":[],"class_list":["post-22007","post","type-post","status-publish","format-standard","has-post-thumbnail","hentry","category-noticias"],"_links":{"self":[{"href":"https:\/\/www.sincomam.org.br\/index.php\/wp-json\/wp\/v2\/posts\/22007","targetHints":{"allow":["GET"]}}],"collection":[{"href":"https:\/\/www.sincomam.org.br\/index.php\/wp-json\/wp\/v2\/posts"}],"about":[{"href":"https:\/\/www.sincomam.org.br\/index.php\/wp-json\/wp\/v2\/types\/post"}],"author":[{"embeddable":true,"href":"https:\/\/www.sincomam.org.br\/index.php\/wp-json\/wp\/v2\/users\/1182"}],"replies":[{"embeddable":true,"href":"https:\/\/www.sincomam.org.br\/index.php\/wp-json\/wp\/v2\/comments?post=22007"}],"version-history":[{"count":1,"href":"https:\/\/www.sincomam.org.br\/index.php\/wp-json\/wp\/v2\/posts\/22007\/revisions"}],"predecessor-version":[{"id":22009,"href":"https:\/\/www.sincomam.org.br\/index.php\/wp-json\/wp\/v2\/posts\/22007\/revisions\/22009"}],"wp:featuredmedia":[{"embeddable":true,"href":"https:\/\/www.sincomam.org.br\/index.php\/wp-json\/wp\/v2\/media\/22008"}],"wp:attachment":[{"href":"https:\/\/www.sincomam.org.br\/index.php\/wp-json\/wp\/v2\/media?parent=22007"}],"wp:term":[{"taxonomy":"category","embeddable":true,"href":"https:\/\/www.sincomam.org.br\/index.php\/wp-json\/wp\/v2\/categories?post=22007"},{"taxonomy":"post_tag","embeddable":true,"href":"https:\/\/www.sincomam.org.br\/index.php\/wp-json\/wp\/v2\/tags?post=22007"}],"curies":[{"name":"wp","href":"https:\/\/api.w.org\/{rel}","templated":true}]}}